{"id":64811,"date":"2023-07-17T20:04:00","date_gmt":"2023-07-18T01:04:00","guid":{"rendered":"https:\/\/interaccionnoticias.com.mx\/?p=64811"},"modified":"2023-07-17T20:04:02","modified_gmt":"2023-07-18T01:04:02","slug":"ya-no-queremos-poner-una-gota-mas-de-sangre-exigencia","status":"publish","type":"post","link":"https:\/\/www.interaccionnoticias.com.mx\/?p=64811","title":{"rendered":"\u201cYa no queremos poner una gota m\u00e1s de sangre\u201d, exigencia"},"content":{"rendered":"\n<p><em><strong>&#8212; Demandan se conozcan los avances de las investigaciones de la FGE<br>&#8212; Queremos dejar de ser una estad\u00edstica m\u00e1s, claman periodistas<\/strong><\/em><\/p>\n\n\n\n<p><strong>Javier Trujillo<\/strong><\/p>\n\n\n\n<p><strong>Acapulco, Gro. \u2013<\/strong> Tras bloquear la costera Miguel Alem\u00e1n y la avenida Cuauht\u00e9moc del puerto de Acapulco, m\u00e1s de medio centenar de periodistas marcharon hasta la sede de la Fiscal\u00eda General del Estado y reclamaron justicia.<\/p>\n\n\n\n<p>\u201cYa no queremos poner una gota m\u00e1s de sangre de un periodista, ya no queremos convertirnos en simples estad\u00edsticas para difundirse en debates o reclamos partidistas, ya basta de agresiones y asesinato de periodistas en Acapulco.<\/p>\n\n\n\n<p>\u201cEn este momento nos sentimos en un momento de peligro, por el ambiente de encono, que lo repetimos hasta la saciedad, parecer provocarse a quienes critican los actos gubernamentales\u201d, dijo durante la lectura de un posicionamiento el decano comunicador Miguel \u00c1ngel Mata.<\/p>\n\n\n\n<p>En la lectura urgi\u00f3 a las autoridades se pronuncien abiertamente sobre las consideraciones que debe haber hac\u00eda la actividad period\u00edstica de Guerrero y les exigieron se conozcan los avances de las investigaciones.<\/p>\n\n\n\n<p>Los fotoperiodistas, camar\u00f3grafos, reporteros y administradores de portales del puerto marcharon en direcci\u00f3n a la Fiscal\u00eda Regional de Acapulco, no sin antes bloquear durante unos minutos la Costera.<\/p>\n\n\n\n<p>Los comunicadores exigieron justicia tras el asesinato del director del portal Lo Real de Guerrero Nelson Matus Pe\u00f1a, privado de la vida el pasado s\u00e1bado en la colonia Emiliano Zapata al interior de la tienda Coppel en Acapulco.<\/p>\n\n\n\n<p>Fue en la marcha que el periodista o monero, Ignacio Hern\u00e1ndez Meneses de N3 Guerrero, dijo que el crimen no puede quedar impune, exigi\u00f3 al gobierno se garantice la prevenci\u00f3n del delito.<\/p>\n\n\n\n<p>Antes, Mata Mata, director del portal S\u00edntesis de Guerrero, que en los \u00faltimos dos meses han ocurrido agresiones y ataques contra comunicadores, pero no hay avances en las investigaciones.<\/p>\n\n\n\n<p>Critic\u00f3 que tampoco ning\u00fan pronunciamiento p\u00fablico sobre los distintos casos, incluido el de Nelson Matus, por parte de las autoridades ministeriales ni de los gobiernos locales o del estado.<\/p>\n\n\n\n<p>Al final se acord\u00f3 que habr\u00e1 una reuni\u00f3n con un grupo de periodistas en la Fiscal\u00eda, en la que estar\u00e1 presente la fiscal guerrerense Sandra Luz Valdovinos Salmer\u00f3n.<\/p>\n","protected":false},"excerpt":{"rendered":"<p>&#8212; Demandan se conozcan los avances de las investigaciones de la FGE&#8212; Queremos dejar de ser una estad\u00edstica m\u00e1s, claman periodistas Javier Trujillo Acapulco, Gro. \u2013 Tras bloquear la costera&hellip; <\/p>\n","protected":false},"author":3,"featured_media":64812,"comment_status":"open","ping_status":"open","sticky":false,"template":"","format":"standard","meta":{"fifu_image_url":"","fifu_image_alt":"","footnotes":""},"categories":[29],"tags":[],"class_list":["post-64811","post","type-post","status-publish","format-standard","has-post-thumbnail","hentry","category-sociedad"],"_links":{"self":[{"href":"https:\/\/www.interaccionnoticias.com.mx\/index.php?rest_route=\/wp\/v2\/posts\/64811","targetHints":{"allow":["GET"]}}],"collection":[{"href":"https:\/\/www.interaccionnoticias.com.mx\/index.php?rest_route=\/wp\/v2\/posts"}],"about":[{"href":"https:\/\/www.interaccionnoticias.com.mx\/index.php?rest_route=\/wp\/v2\/types\/post"}],"author":[{"embeddable":true,"href":"https:\/\/www.interaccionnoticias.com.mx\/index.php?rest_route=\/wp\/v2\/users\/3"}],"replies":[{"embeddable":true,"href":"https:\/\/www.interaccionnoticias.com.mx\/index.php?rest_route=%2Fwp%2Fv2%2Fcomments&post=64811"}],"version-history":[{"count":1,"href":"https:\/\/www.interaccionnoticias.com.mx\/index.php?rest_route=\/wp\/v2\/posts\/64811\/revisions"}],"predecessor-version":[{"id":64813,"href":"https:\/\/www.interaccionnoticias.com.mx\/index.php?rest_route=\/wp\/v2\/posts\/64811\/revisions\/64813"}],"wp:featuredmedia":[{"embeddable":true,"href":"https:\/\/www.interaccionnoticias.com.mx\/index.php?rest_route=\/wp\/v2\/media\/64812"}],"wp:attachment":[{"href":"https:\/\/www.interaccionnoticias.com.mx\/index.php?rest_route=%2Fwp%2Fv2%2Fmedia&parent=64811"}],"wp:term":[{"taxonomy":"category","embeddable":true,"href":"https:\/\/www.interaccionnoticias.com.mx\/index.php?rest_route=%2Fwp%2Fv2%2Fcategories&post=64811"},{"taxonomy":"post_tag","embeddable":true,"href":"https:\/\/www.interaccionnoticias.com.mx\/index.php?rest_route=%2Fwp%2Fv2%2Ftags&post=64811"}],"curies":[{"name":"wp","href":"https:\/\/api.w.org\/{rel}","templated":true}]}}