{"id":64796,"date":"2023-07-17T12:12:07","date_gmt":"2023-07-17T17:12:07","guid":{"rendered":"https:\/\/interaccionnoticias.com.mx\/?p=64796"},"modified":"2023-07-17T12:12:09","modified_gmt":"2023-07-17T17:12:09","slug":"hayan-restos-humanos-frente-al-panteon-ministerial","status":"publish","type":"post","link":"https:\/\/www.interaccionnoticias.com.mx\/?p=64796","title":{"rendered":"Hayan restos humanos frente al Pante\u00f3n Ministerial"},"content":{"rendered":"\n<p><strong>&#8212; Es un cr\u00e1neo y piezas \u00f3seas<\/strong><\/p>\n\n\n\n<p><strong>Rogelio Agust\u00edn<\/strong><\/p>\n\n\n\n<p>La Polic\u00eda del Estado encontr\u00f3 restos humanos en un terreno bald\u00edo ubicado frente al pante\u00f3n ministerial, en el sector poniente de la capital de Guerrero.<\/p>\n\n\n\n<p>El hallazgo se registr\u00f3 la ma\u00f1ana del lunes, cuando se realiz\u00f3 una llamada an\u00f3nima al servicio de emergencias 911, en la que se daba a conocer que se hab\u00eda dejado abandonada una cabeza en un lote bald\u00edo ubicado frente al Pante\u00f3n Ministerial.<\/p>\n\n\n\n<p>Al acudir, personal de la Polic\u00eda del Estado confirm\u00f3 la existencia de restos, aunque precis\u00f3 que m\u00e1s bien se trataba de un cr\u00e1neo y varias piezas \u00f3seas.<\/p>\n\n\n\n<p>El personal de la Secretar\u00eda de Seguridad P\u00fablica (SSP) acordon\u00f3 el lugar y dio parte a la Fiscal\u00eda General del Estado (FGE), para que realicen las diligencias de ley, en tanto que el Servicio M\u00e9dico Forense (SEMEFO) realizar\u00eda el levantamiento de las piezas.<\/p>\n","protected":false},"excerpt":{"rendered":"<p>&#8212; Es un cr\u00e1neo y piezas \u00f3seas Rogelio Agust\u00edn La Polic\u00eda del Estado encontr\u00f3 restos humanos en un terreno bald\u00edo ubicado frente al pante\u00f3n ministerial, en el sector poniente de&hellip; <\/p>\n","protected":false},"author":21,"featured_media":64797,"comment_status":"open","ping_status":"open","sticky":false,"template":"","format":"standard","meta":{"fifu_image_url":"","fifu_image_alt":"","footnotes":""},"categories":[27],"tags":[],"class_list":["post-64796","post","type-post","status-publish","format-standard","has-post-thumbnail","hentry","category-seguridad-publica"],"_links":{"self":[{"href":"https:\/\/www.interaccionnoticias.com.mx\/index.php?rest_route=\/wp\/v2\/posts\/64796","targetHints":{"allow":["GET"]}}],"collection":[{"href":"https:\/\/www.interaccionnoticias.com.mx\/index.php?rest_route=\/wp\/v2\/posts"}],"about":[{"href":"https:\/\/www.interaccionnoticias.com.mx\/index.php?rest_route=\/wp\/v2\/types\/post"}],"author":[{"embeddable":true,"href":"https:\/\/www.interaccionnoticias.com.mx\/index.php?rest_route=\/wp\/v2\/users\/21"}],"replies":[{"embeddable":true,"href":"https:\/\/www.interaccionnoticias.com.mx\/index.php?rest_route=%2Fwp%2Fv2%2Fcomments&post=64796"}],"version-history":[{"count":1,"href":"https:\/\/www.interaccionnoticias.com.mx\/index.php?rest_route=\/wp\/v2\/posts\/64796\/revisions"}],"predecessor-version":[{"id":64798,"href":"https:\/\/www.interaccionnoticias.com.mx\/index.php?rest_route=\/wp\/v2\/posts\/64796\/revisions\/64798"}],"wp:featuredmedia":[{"embeddable":true,"href":"https:\/\/www.interaccionnoticias.com.mx\/index.php?rest_route=\/wp\/v2\/media\/64797"}],"wp:attachment":[{"href":"https:\/\/www.interaccionnoticias.com.mx\/index.php?rest_route=%2Fwp%2Fv2%2Fmedia&parent=64796"}],"wp:term":[{"taxonomy":"category","embeddable":true,"href":"https:\/\/www.interaccionnoticias.com.mx\/index.php?rest_route=%2Fwp%2Fv2%2Fcategories&post=64796"},{"taxonomy":"post_tag","embeddable":true,"href":"https:\/\/www.interaccionnoticias.com.mx\/index.php?rest_route=%2Fwp%2Fv2%2Ftags&post=64796"}],"curies":[{"name":"wp","href":"https:\/\/api.w.org\/{rel}","templated":true}]}}