{"id":64793,"date":"2023-07-16T20:35:40","date_gmt":"2023-07-17T01:35:40","guid":{"rendered":"https:\/\/interaccionnoticias.com.mx\/?p=64793"},"modified":"2023-07-16T20:35:43","modified_gmt":"2023-07-17T01:35:43","slug":"cobach-enfrenta-56-laudos-por-250-millones-de-pesos","status":"publish","type":"post","link":"https:\/\/www.interaccionnoticias.com.mx\/?p=64793","title":{"rendered":"Cobach enfrenta 56 laudos por 250 millones de pesos"},"content":{"rendered":"\n<p><strong>Rosario Garc\u00eda Orozco<\/strong><\/p>\n\n\n\n<p><strong>Chilpancingo, Gro., 15 de julio del 2023.<\/strong>&#8211; El Colegio de Bachilleres enfrenta 56 laudos, que representan, en promedio una carga econ\u00f3mica para la instituci\u00f3n por el orden de los 250 millones de pesos, inform\u00f3 el director de esa instituci\u00f3n, Jes\u00fas Villanueva Vega.<\/p>\n\n\n\n<p>Se\u00f1al\u00f3 que los laudos laborales ya determinados por los tribunales por despidos presuntamente injustificados de hace a\u00f1os, ya tienen acuerdos de ejecuci\u00f3n; \u201clo digo coloquialmente; al anterior director lo benefici\u00f3 el Covid, porque se cerraron las Juntas de Conciliaci\u00f3n y Arbitraje, pero actualmente ya hay tribunales laborales, la Junta tambi\u00e9n est\u00e1 trabajando y cuando regresamos a la presencialidad se nos fueron como avispas, todos a cobrar y a embargar las cuentas del Cobach\u201d.<\/p>\n\n\n\n<p>Desde su llegada al Cobach explic\u00f3 que se han tenido que pagar m\u00e1s de 50 millones de pesos, sin tener una bolsa econ\u00f3mica especial ni del gobierno del estado ni del federal para ese objetivo, \u201cs\u00f3lo haciendo esfuerzos extraordinarios para poder pagarlos, para poder destrabar los embargos y para que el pago de las quincenas llegara a tiempo a los trabajadores\u201d.<\/p>\n\n\n\n<p>Tambi\u00e9n coment\u00f3 que han dialogado con la gobernadora Evelyn Salgado Pineda \u00aby tenemos la promesa de que nos va a ayudar y nos est\u00e1 ayudando con recursos para recuperar lo que nosotros pagamos con dinero del Colegio\u201d.<\/p>\n\n\n\n<p>-Impuestos y Seguridad Social<\/p>\n\n\n\n<p>Adem\u00e1s de los laudos, la instituci\u00f3n tiene severas complicaciones por el no pago de los diferentes impuestos y obligaciones de seguridad social.<\/p>\n\n\n\n<p>Sin embargo, reconoci\u00f3 que este subsistema ha tenido el apoyo de la gobernadora Evelyn Salgado Pineda, porque para el ejercicio fiscal 2023 contempl\u00f3 un \u201cpresupuesto digno\u201d para el Cobach, el cual es pr\u00e1cticamente \u201cpeso a peso\u201d con el destinado por la Federaci\u00f3n.<\/p>\n\n\n\n<p>De tal manera, dijo, que el organismo podr\u00e1 \u00absolventar algunas cuestiones que son torales para sacarlo del hoyo en el que se encuentra\u00bb.<\/p>\n\n\n\n<p>Sostuvo que la administraci\u00f3n a su cargo est\u00e1 pendiente del pago de impuestos, que es \u201clo que no se hac\u00eda antes; ahorita vamos al corriente en el pago de impuestos, sobre todo el ISR (Impuesto Sobre la Renta), pero desde que ingresamos estamos cumpliendo a cabalidad con el pago de impuestos\u201d.<\/p>\n\n\n\n<p>Agreg\u00f3 que la Direcci\u00f3n General del Cobach tambi\u00e9n ya dio el primer paso para pagar lo correspondiente a la Seguridad Social, que son los pagos al ISSSTE y FOVISSSTE: \u201cya pagamos enero y febrero y estamos haciendo lo posible por hacer un segundo pago, de la mano con el gobierno del estado para que podamos salir avante este a\u00f1o y cuando menos en lo que corresponde al periodo de nosotros dar pasos importantes en torno a estos dos rubros que son vitales para que el Cobach salga del bache en que se encuentra\u201d.<\/p>\n\n\n\n<p>Aunafo a esos procesos, mencion\u00f3 Villanueva Vega, la Direcci\u00f3n General del Cobach no le debe ninguna prestaci\u00f3n contractual a ninguno de los sindicatos que existen en ese organismo y mencion\u00f3 que aunque su gesti\u00f3n est\u00e1 al corriente \u201cse trata de resolver los rezagos que nos dejaron, por lo que entonces es fundamental avanzar en el tema de la seguridad social\u201d.<\/p>\n","protected":false},"excerpt":{"rendered":"<p>Rosario Garc\u00eda Orozco Chilpancingo, Gro., 15 de julio del 2023.&#8211; El Colegio de Bachilleres enfrenta 56 laudos, que representan, en promedio una carga econ\u00f3mica para la instituci\u00f3n por el orden&hellip; <\/p>\n","protected":false},"author":14,"featured_media":64794,"comment_status":"open","ping_status":"open","sticky":false,"template":"","format":"standard","meta":{"fifu_image_url":"","fifu_image_alt":"","footnotes":""},"categories":[6],"tags":[],"class_list":["post-64793","post","type-post","status-publish","format-standard","has-post-thumbnail","hentry","category-educacion"],"_links":{"self":[{"href":"https:\/\/www.interaccionnoticias.com.mx\/index.php?rest_route=\/wp\/v2\/posts\/64793","targetHints":{"allow":["GET"]}}],"collection":[{"href":"https:\/\/www.interaccionnoticias.com.mx\/index.php?rest_route=\/wp\/v2\/posts"}],"about":[{"href":"https:\/\/www.interaccionnoticias.com.mx\/index.php?rest_route=\/wp\/v2\/types\/post"}],"author":[{"embeddable":true,"href":"https:\/\/www.interaccionnoticias.com.mx\/index.php?rest_route=\/wp\/v2\/users\/14"}],"replies":[{"embeddable":true,"href":"https:\/\/www.interaccionnoticias.com.mx\/index.php?rest_route=%2Fwp%2Fv2%2Fcomments&post=64793"}],"version-history":[{"count":1,"href":"https:\/\/www.interaccionnoticias.com.mx\/index.php?rest_route=\/wp\/v2\/posts\/64793\/revisions"}],"predecessor-version":[{"id":64795,"href":"https:\/\/www.interaccionnoticias.com.mx\/index.php?rest_route=\/wp\/v2\/posts\/64793\/revisions\/64795"}],"wp:featuredmedia":[{"embeddable":true,"href":"https:\/\/www.interaccionnoticias.com.mx\/index.php?rest_route=\/wp\/v2\/media\/64794"}],"wp:attachment":[{"href":"https:\/\/www.interaccionnoticias.com.mx\/index.php?rest_route=%2Fwp%2Fv2%2Fmedia&parent=64793"}],"wp:term":[{"taxonomy":"category","embeddable":true,"href":"https:\/\/www.interaccionnoticias.com.mx\/index.php?rest_route=%2Fwp%2Fv2%2Fcategories&post=64793"},{"taxonomy":"post_tag","embeddable":true,"href":"https:\/\/www.interaccionnoticias.com.mx\/index.php?rest_route=%2Fwp%2Fv2%2Ftags&post=64793"}],"curies":[{"name":"wp","href":"https:\/\/api.w.org\/{rel}","templated":true}]}}