{"id":64777,"date":"2023-07-16T11:30:36","date_gmt":"2023-07-16T16:30:36","guid":{"rendered":"https:\/\/interaccionnoticias.com.mx\/?p=64777"},"modified":"2023-07-16T11:30:38","modified_gmt":"2023-07-16T16:30:38","slug":"lamento-ludwig-marcial-reynoso-el-asesinato-del-comunicador-nelson-matus","status":"publish","type":"post","link":"https:\/\/www.interaccionnoticias.com.mx\/?p=64777","title":{"rendered":"Lamento Ludwig Marcial Reynoso el asesinato del comunicador Nelson Matus"},"content":{"rendered":"\n<p><strong><em>&#8212; Asegur\u00f3 que ha pedido la informaci\u00f3n a la Fiscal\u00eda para acelerar las investigaciones<br>&#8212; En lo que va del a\u00f1o de la administraci\u00f3n estatal suman tres comunicadores asesinados<\/em><\/strong><\/p>\n\n\n\n<p><strong>Yasm\u00edn Garc\u00eda Chino<\/strong><\/p>\n\n\n\n<p><strong>Chilpancingo, Gro., a 16 de julio 2023.- <\/strong>El secretario general de Gobierno Ludwig Marcial Reynoso N\u00fa\u00f1ez lament\u00f3 el asesinato del comunicador Nelson Matus Pe\u00f1a asesinado la tarde del s\u00e1bado afuera del estacionamiento de la tienda coppel en la colonia Zapata, sobre el boulevard Vicente Guerrero, en agosto de 2019 sobrevivi\u00f3 a un atentado.<\/p>\n\n\n\n<p>Ludwig Marcial asegur\u00f3 que ya pidi\u00f3 la informaci\u00f3n a la Fiscal\u00eda General del Estado (FGE) para acelerar las investigaciones y dar con los responsables del crimen, \u00ablamentamos mucho este asesinato\u00bb.<\/p>\n\n\n\n<p>Matus Pe\u00f1a era el director general y editor del portal Lo Real de Guerrero, una plataforma de informaci\u00f3n polic\u00edaca a trav\u00e9s de ella los porte\u00f1os se mantienen informados de los acontecimientos que suceden en el puerto y gran parte del estado de Guerrero.<\/p>\n\n\n\n<p>En lo que va de la administraci\u00f3n estatal que encabeza la gobernadora Evelyn Salgado Pineda suman tres comunicadores asesinados a balazos, el primero fue Fredid Rom\u00e1n Rom\u00e1n el pasado 22 de agosto mientras sal\u00eda de su domicilio ubicado en Chilpancingo.<\/p>\n\n\n\n<p>Apenas el 12 de mayo en la colonia Icacos de Acapulco, Gerardo Torres Renter\u00eda se sumo a la lista.<\/p>\n\n\n\n<p>En Chilpancingo los departamentos de almenos tres reporteros han sido allanados, se han llevado discos duros, c\u00e1maras fotogr\u00e1ficas, laptos y documentos personales.<\/p>\n\n\n\n<p>Los reporteros han presentado sus denuncias ante la Fiscal\u00eda General del Estado (FGE), sin embargo, hasta el momento no han dado con los responsables de estos robos.<\/p>\n","protected":false},"excerpt":{"rendered":"<p>&#8212; Asegur\u00f3 que ha pedido la informaci\u00f3n a la Fiscal\u00eda para acelerar las investigaciones&#8212; En lo que va del a\u00f1o de la administraci\u00f3n estatal suman tres comunicadores asesinados Yasm\u00edn Garc\u00eda&hellip; <\/p>\n","protected":false},"author":32,"featured_media":64778,"comment_status":"open","ping_status":"open","sticky":false,"template":"","format":"standard","meta":{"fifu_image_url":"","fifu_image_alt":"","footnotes":""},"categories":[11],"tags":[],"class_list":["post-64777","post","type-post","status-publish","format-standard","has-post-thumbnail","hentry","category-guerrero"],"_links":{"self":[{"href":"https:\/\/www.interaccionnoticias.com.mx\/index.php?rest_route=\/wp\/v2\/posts\/64777","targetHints":{"allow":["GET"]}}],"collection":[{"href":"https:\/\/www.interaccionnoticias.com.mx\/index.php?rest_route=\/wp\/v2\/posts"}],"about":[{"href":"https:\/\/www.interaccionnoticias.com.mx\/index.php?rest_route=\/wp\/v2\/types\/post"}],"author":[{"embeddable":true,"href":"https:\/\/www.interaccionnoticias.com.mx\/index.php?rest_route=\/wp\/v2\/users\/32"}],"replies":[{"embeddable":true,"href":"https:\/\/www.interaccionnoticias.com.mx\/index.php?rest_route=%2Fwp%2Fv2%2Fcomments&post=64777"}],"version-history":[{"count":1,"href":"https:\/\/www.interaccionnoticias.com.mx\/index.php?rest_route=\/wp\/v2\/posts\/64777\/revisions"}],"predecessor-version":[{"id":64779,"href":"https:\/\/www.interaccionnoticias.com.mx\/index.php?rest_route=\/wp\/v2\/posts\/64777\/revisions\/64779"}],"wp:featuredmedia":[{"embeddable":true,"href":"https:\/\/www.interaccionnoticias.com.mx\/index.php?rest_route=\/wp\/v2\/media\/64778"}],"wp:attachment":[{"href":"https:\/\/www.interaccionnoticias.com.mx\/index.php?rest_route=%2Fwp%2Fv2%2Fmedia&parent=64777"}],"wp:term":[{"taxonomy":"category","embeddable":true,"href":"https:\/\/www.interaccionnoticias.com.mx\/index.php?rest_route=%2Fwp%2Fv2%2Fcategories&post=64777"},{"taxonomy":"post_tag","embeddable":true,"href":"https:\/\/www.interaccionnoticias.com.mx\/index.php?rest_route=%2Fwp%2Fv2%2Ftags&post=64777"}],"curies":[{"name":"wp","href":"https:\/\/api.w.org\/{rel}","templated":true}]}}