{"id":64732,"date":"2023-07-14T21:57:37","date_gmt":"2023-07-15T02:57:37","guid":{"rendered":"https:\/\/interaccionnoticias.com.mx\/?p=64732"},"modified":"2023-07-14T21:57:40","modified_gmt":"2023-07-15T02:57:40","slug":"las-accesorios-artesanales-son-una-opcion-de-regalos-a-artistas-y-politicos","status":"publish","type":"post","link":"https:\/\/www.interaccionnoticias.com.mx\/?p=64732","title":{"rendered":"Las accesorios artesanales son una opci\u00f3n de regalos a artistas y pol\u00edticos"},"content":{"rendered":"\n<p><strong><em>&#8212; El artesanos Rafael Palma ha dise\u00f1ando accesorios de hoja de ma\u00edz, telares, barro y palma<\/em><\/strong><\/p>\n\n\n\n<p><strong>Yasm\u00edn Garc\u00eda \/ Fotograf\u00eda cortes\u00eda Oscar Guerrero<\/strong><\/p>\n\n\n\n<p>Rafael Palma es artesano, originario de Chilapa, municipio conocido como la puerta de la monta\u00f1a en Guerrero, su poblaci\u00f3n ind\u00edgena se dedica a la agricultura, artesan\u00edas y comercio.<\/p>\n\n\n\n<p>Son 4 a\u00f1os en los que el talento e imaginaci\u00f3n de Rafa como es conocido ha dise\u00f1ado sombreros, collares, aretes, bolsos y una infinidad de accesorios artesanales hechos a base de palma, telares, barro y hoja de ma\u00edz (totomoxtle).<\/p>\n\n\n\n<p>Dise\u00f1os que han enaltecido no s\u00f3lo a Chilapa sino tambi\u00e9n a Guerrero, porque han acudido a venderlas a diferentes partes de la rep\u00fablica en donde las personas quedan maravilladas.<\/p>\n\n\n\n<p>Rafael decidi\u00f3 aliarse con dos de sus amigos para crear y registrar su propia marca, hoy en d\u00eda Tochan dise\u00f1adores ind\u00edgenas es una realidad, obtuvieron su registro con mucho trabajo y perseverancia, fue durante la pandemia por coronavirus que emprendieron su proyecto, una \u00e9poca dif\u00edcil, porque la mayor\u00eda de los negocios cerraron, sin embargo, ellos resistieron.<\/p>\n\n\n\n<p>A base de las artesan\u00edas a obtenido ingresos para su familia, pero tambi\u00e9n han sido \u00e9pocas dif\u00edciles porque la mayor\u00eda de las personas no valoran el trabajo artesanal, y piden rebajas o prefieren comprar productos chinos.<\/p>\n\n\n\n<p>Rafa se siente orgulloso de su trabajo, \u00absi claro que me siento orgulloso, he conocido a mucha gente por este trabajo, tenemos amigos que adquieren dise\u00f1os para regalarlos a artistas, incluso a pol\u00edticos, le han regalado los sombreros que dise\u00f1amos a la gobernadora\u00bb.<\/p>\n\n\n\n<p>Tochan dise\u00f1adores ind\u00edgenas tambi\u00e9n ofrece accesorios para hombres, \u00abse est\u00e1n dise\u00f1ando accesorios para hombres, no s\u00f3lo tenemos para mujeres\u00bb.<\/p>\n\n\n\n<p>Los artesanos ofrecen sus piezas artesanales en el corredor del palacio de cultura en el centro de la ciudad, del 10 al 17 de julio, \u00abinvitar a la gente que se den una vuelta, que compren las artesan\u00edas son de buena calidad hechas por manos de artesanos, y pedirles a nuestros clientes que no pidan tanta rebaja porque es un trabajo de calidad\u00bb.<\/p>\n\n\n\n<figure class=\"wp-block-gallery has-nested-images columns-default is-cropped wp-block-gallery-1 is-layout-flex wp-block-gallery-is-layout-flex\">\n<figure class=\"wp-block-image size-large\"><img decoding=\"async\" src=\"data:image\/gif;base64,R0lGODlhAQABAIAAAAAAAP\/\/\/ywAAAAAAQABAAACAUwAOw==\" fifu-lazy=\"1\" fifu-data-sizes=\"auto\" fifu-data-srcset=\"https:\/\/i3.wp.com\/interaccionnoticias.com.mx\/wp-content\/uploads\/2023\/07\/230714-accesorios-artesanales-1-1024x683.jpg?ssl=1&w=75&resize=75&ssl=1 75w, https:\/\/i3.wp.com\/interaccionnoticias.com.mx\/wp-content\/uploads\/2023\/07\/230714-accesorios-artesanales-1-1024x683.jpg?ssl=1&w=100&resize=100&ssl=1 100w, https:\/\/i3.wp.com\/interaccionnoticias.com.mx\/wp-content\/uploads\/2023\/07\/230714-accesorios-artesanales-1-1024x683.jpg?ssl=1&w=150&resize=150&ssl=1 150w, https:\/\/i3.wp.com\/interaccionnoticias.com.mx\/wp-content\/uploads\/2023\/07\/230714-accesorios-artesanales-1-1024x683.jpg?ssl=1&w=240&resize=240&ssl=1 240w, https:\/\/i3.wp.com\/interaccionnoticias.com.mx\/wp-content\/uploads\/2023\/07\/230714-accesorios-artesanales-1-1024x683.jpg?ssl=1&w=320&resize=320&ssl=1 320w, https:\/\/i3.wp.com\/interaccionnoticias.com.mx\/wp-content\/uploads\/2023\/07\/230714-accesorios-artesanales-1-1024x683.jpg?ssl=1&w=500&resize=500&ssl=1 500w, https:\/\/i3.wp.com\/interaccionnoticias.com.mx\/wp-content\/uploads\/2023\/07\/230714-accesorios-artesanales-1-1024x683.jpg?ssl=1&w=640&resize=640&ssl=1 640w, https:\/\/i3.wp.com\/interaccionnoticias.com.mx\/wp-content\/uploads\/2023\/07\/230714-accesorios-artesanales-1-1024x683.jpg?ssl=1&w=800&resize=800&ssl=1 800w, https:\/\/i3.wp.com\/interaccionnoticias.com.mx\/wp-content\/uploads\/2023\/07\/230714-accesorios-artesanales-1-1024x683.jpg?ssl=1&w=1024&resize=1024&ssl=1 1024w, https:\/\/i3.wp.com\/interaccionnoticias.com.mx\/wp-content\/uploads\/2023\/07\/230714-accesorios-artesanales-1-1024x683.jpg?ssl=1&w=1280&resize=1280&ssl=1 1280w, https:\/\/i3.wp.com\/interaccionnoticias.com.mx\/wp-content\/uploads\/2023\/07\/230714-accesorios-artesanales-1-1024x683.jpg?ssl=1&w=1600&resize=1600&ssl=1 1600w\" data-id=\"64734\" fifu-data-src=\"https:\/\/i3.wp.com\/interaccionnoticias.com.mx\/wp-content\/uploads\/2023\/07\/230714-accesorios-artesanales-1-1024x683.jpg?ssl=1\" alt=\"\" class=\"wp-image-64734\"\/><\/figure>\n\n\n\n<figure class=\"wp-block-image size-large\"><img decoding=\"async\" src=\"data:image\/gif;base64,R0lGODlhAQABAIAAAAAAAP\/\/\/ywAAAAAAQABAAACAUwAOw==\" fifu-lazy=\"1\" fifu-data-sizes=\"auto\" fifu-data-srcset=\"https:\/\/i0.wp.com\/interaccionnoticias.com.mx\/wp-content\/uploads\/2023\/07\/230714-accesorios-artesanales-2-1024x683.jpg?ssl=1&w=75&resize=75&ssl=1 75w, https:\/\/i0.wp.com\/interaccionnoticias.com.mx\/wp-content\/uploads\/2023\/07\/230714-accesorios-artesanales-2-1024x683.jpg?ssl=1&w=100&resize=100&ssl=1 100w, https:\/\/i0.wp.com\/interaccionnoticias.com.mx\/wp-content\/uploads\/2023\/07\/230714-accesorios-artesanales-2-1024x683.jpg?ssl=1&w=150&resize=150&ssl=1 150w, https:\/\/i0.wp.com\/interaccionnoticias.com.mx\/wp-content\/uploads\/2023\/07\/230714-accesorios-artesanales-2-1024x683.jpg?ssl=1&w=240&resize=240&ssl=1 240w, https:\/\/i0.wp.com\/interaccionnoticias.com.mx\/wp-content\/uploads\/2023\/07\/230714-accesorios-artesanales-2-1024x683.jpg?ssl=1&w=320&resize=320&ssl=1 320w, https:\/\/i0.wp.com\/interaccionnoticias.com.mx\/wp-content\/uploads\/2023\/07\/230714-accesorios-artesanales-2-1024x683.jpg?ssl=1&w=500&resize=500&ssl=1 500w, https:\/\/i0.wp.com\/interaccionnoticias.com.mx\/wp-content\/uploads\/2023\/07\/230714-accesorios-artesanales-2-1024x683.jpg?ssl=1&w=640&resize=640&ssl=1 640w, https:\/\/i0.wp.com\/interaccionnoticias.com.mx\/wp-content\/uploads\/2023\/07\/230714-accesorios-artesanales-2-1024x683.jpg?ssl=1&w=800&resize=800&ssl=1 800w, https:\/\/i0.wp.com\/interaccionnoticias.com.mx\/wp-content\/uploads\/2023\/07\/230714-accesorios-artesanales-2-1024x683.jpg?ssl=1&w=1024&resize=1024&ssl=1 1024w, https:\/\/i0.wp.com\/interaccionnoticias.com.mx\/wp-content\/uploads\/2023\/07\/230714-accesorios-artesanales-2-1024x683.jpg?ssl=1&w=1280&resize=1280&ssl=1 1280w, https:\/\/i0.wp.com\/interaccionnoticias.com.mx\/wp-content\/uploads\/2023\/07\/230714-accesorios-artesanales-2-1024x683.jpg?ssl=1&w=1600&resize=1600&ssl=1 1600w\" data-id=\"64733\" fifu-data-src=\"https:\/\/i0.wp.com\/interaccionnoticias.com.mx\/wp-content\/uploads\/2023\/07\/230714-accesorios-artesanales-2-1024x683.jpg?ssl=1\" alt=\"\" class=\"wp-image-64733\"\/><\/figure>\n<\/figure>\n","protected":false},"excerpt":{"rendered":"<p>&#8212; El artesanos Rafael Palma ha dise\u00f1ando accesorios de hoja de ma\u00edz, telares, barro y palma Yasm\u00edn Garc\u00eda \/ Fotograf\u00eda cortes\u00eda Oscar Guerrero Rafael Palma es artesano, originario de Chilapa,&hellip; <\/p>\n","protected":false},"author":32,"featured_media":64734,"comment_status":"open","ping_status":"open","sticky":false,"template":"","format":"standard","meta":{"fifu_image_url":"","fifu_image_alt":"","footnotes":""},"categories":[29],"tags":[],"class_list":["post-64732","post","type-post","status-publish","format-standard","has-post-thumbnail","hentry","category-sociedad"],"_links":{"self":[{"href":"https:\/\/www.interaccionnoticias.com.mx\/index.php?rest_route=\/wp\/v2\/posts\/64732","targetHints":{"allow":["GET"]}}],"collection":[{"href":"https:\/\/www.interaccionnoticias.com.mx\/index.php?rest_route=\/wp\/v2\/posts"}],"about":[{"href":"https:\/\/www.interaccionnoticias.com.mx\/index.php?rest_route=\/wp\/v2\/types\/post"}],"author":[{"embeddable":true,"href":"https:\/\/www.interaccionnoticias.com.mx\/index.php?rest_route=\/wp\/v2\/users\/32"}],"replies":[{"embeddable":true,"href":"https:\/\/www.interaccionnoticias.com.mx\/index.php?rest_route=%2Fwp%2Fv2%2Fcomments&post=64732"}],"version-history":[{"count":1,"href":"https:\/\/www.interaccionnoticias.com.mx\/index.php?rest_route=\/wp\/v2\/posts\/64732\/revisions"}],"predecessor-version":[{"id":64735,"href":"https:\/\/www.interaccionnoticias.com.mx\/index.php?rest_route=\/wp\/v2\/posts\/64732\/revisions\/64735"}],"wp:featuredmedia":[{"embeddable":true,"href":"https:\/\/www.interaccionnoticias.com.mx\/index.php?rest_route=\/wp\/v2\/media\/64734"}],"wp:attachment":[{"href":"https:\/\/www.interaccionnoticias.com.mx\/index.php?rest_route=%2Fwp%2Fv2%2Fmedia&parent=64732"}],"wp:term":[{"taxonomy":"category","embeddable":true,"href":"https:\/\/www.interaccionnoticias.com.mx\/index.php?rest_route=%2Fwp%2Fv2%2Fcategories&post=64732"},{"taxonomy":"post_tag","embeddable":true,"href":"https:\/\/www.interaccionnoticias.com.mx\/index.php?rest_route=%2Fwp%2Fv2%2Ftags&post=64732"}],"curies":[{"name":"wp","href":"https:\/\/api.w.org\/{rel}","templated":true}]}}