{"id":64729,"date":"2023-07-14T21:52:07","date_gmt":"2023-07-15T02:52:07","guid":{"rendered":"https:\/\/interaccionnoticias.com.mx\/?p=64729"},"modified":"2023-07-14T21:52:10","modified_gmt":"2023-07-15T02:52:10","slug":"diputado-independiente-se-suma-a-movimiento-ciudadano","status":"publish","type":"post","link":"https:\/\/www.interaccionnoticias.com.mx\/?p=64729","title":{"rendered":"Diputado independiente se suma a Movimiento Ciudadano"},"content":{"rendered":"\n<p><em><strong>&#8212; Manuel Qui\u00f1onez, quien antes se hab\u00eda separado del PVEM<\/strong><\/em><\/p>\n\n\n\n<p><strong>Rosario Garc\u00eda Orozco<\/strong><\/p>\n\n\n\n<p><strong>Chilpancingo, Gro., 14 de julio del 2023.-<\/strong> El diputado local Manuel Qui\u00f1onez Cort\u00e9s se adhiri\u00f3 al partido Movimiento Ciudadano, en marzo pasado se declar\u00f3 independiente al renunciar al Partido Verde Ecologista M\u00e9xico ( PVEM).<\/p>\n\n\n\n<p>As\u00ed lo inform\u00f3 el dirigente de Movimiento Ciudadano en el estado, Juli\u00e1n L\u00f3pez Galeana, quien comparti\u00f3 en sus redes sociales que \u00aben el marco del Consejo Nacional de Movimiento Ciudadano, se present\u00f3 la adhesi\u00f3n del Diputado Local, Manuel Qui\u00f1onez Cort\u00e9s\u00bb.<\/p>\n\n\n\n<p>El dirigente de Movimiento Ciudadano a\u00f1adi\u00f3 una foto en su publicaci\u00f3n en la que aparece con el legislador local, y agreg\u00f3 en el texto, \u00abMovimiento Ciudadano Guerrero, tiene Diputado en el Congreso Local\u00bb.<\/p>\n\n\n\n<p>Cabe recordar que en la actual Legislatura MC no alcanz\u00f3 ni una diputaci\u00f3n, porque la votaci\u00f3n fue de 32 mil 347, y no fue suficiente, para tener una representaci\u00f3n en la c\u00e1mara local.<\/p>\n\n\n\n<p>Qui\u00f1onez Cort\u00e9s, present\u00f3 su renuncia de manera oficial al Partido Verde Ecologista de M\u00e9xico (PVEM), desde el pasado mes de marzo, y de momento se declar\u00f3 legislador independiente, aunque s\u00f3lo argument\u00f3 \u00abcircunstancias ajenas\u00bb.<\/p>\n","protected":false},"excerpt":{"rendered":"<p>&#8212; Manuel Qui\u00f1onez, quien antes se hab\u00eda separado del PVEM Rosario Garc\u00eda Orozco Chilpancingo, Gro., 14 de julio del 2023.- El diputado local Manuel Qui\u00f1onez Cort\u00e9s se adhiri\u00f3 al partido&hellip; <\/p>\n","protected":false},"author":14,"featured_media":64730,"comment_status":"open","ping_status":"open","sticky":false,"template":"","format":"standard","meta":{"fifu_image_url":"","fifu_image_alt":"","footnotes":""},"categories":[2],"tags":[],"class_list":["post-64729","post","type-post","status-publish","format-standard","has-post-thumbnail","hentry","category-congreso"],"_links":{"self":[{"href":"https:\/\/www.interaccionnoticias.com.mx\/index.php?rest_route=\/wp\/v2\/posts\/64729","targetHints":{"allow":["GET"]}}],"collection":[{"href":"https:\/\/www.interaccionnoticias.com.mx\/index.php?rest_route=\/wp\/v2\/posts"}],"about":[{"href":"https:\/\/www.interaccionnoticias.com.mx\/index.php?rest_route=\/wp\/v2\/types\/post"}],"author":[{"embeddable":true,"href":"https:\/\/www.interaccionnoticias.com.mx\/index.php?rest_route=\/wp\/v2\/users\/14"}],"replies":[{"embeddable":true,"href":"https:\/\/www.interaccionnoticias.com.mx\/index.php?rest_route=%2Fwp%2Fv2%2Fcomments&post=64729"}],"version-history":[{"count":1,"href":"https:\/\/www.interaccionnoticias.com.mx\/index.php?rest_route=\/wp\/v2\/posts\/64729\/revisions"}],"predecessor-version":[{"id":64731,"href":"https:\/\/www.interaccionnoticias.com.mx\/index.php?rest_route=\/wp\/v2\/posts\/64729\/revisions\/64731"}],"wp:featuredmedia":[{"embeddable":true,"href":"https:\/\/www.interaccionnoticias.com.mx\/index.php?rest_route=\/wp\/v2\/media\/64730"}],"wp:attachment":[{"href":"https:\/\/www.interaccionnoticias.com.mx\/index.php?rest_route=%2Fwp%2Fv2%2Fmedia&parent=64729"}],"wp:term":[{"taxonomy":"category","embeddable":true,"href":"https:\/\/www.interaccionnoticias.com.mx\/index.php?rest_route=%2Fwp%2Fv2%2Fcategories&post=64729"},{"taxonomy":"post_tag","embeddable":true,"href":"https:\/\/www.interaccionnoticias.com.mx\/index.php?rest_route=%2Fwp%2Fv2%2Ftags&post=64729"}],"curies":[{"name":"wp","href":"https:\/\/api.w.org\/{rel}","templated":true}]}}