{"id":64485,"date":"2023-07-10T12:00:23","date_gmt":"2023-07-10T17:00:23","guid":{"rendered":"https:\/\/interaccionnoticias.com.mx\/?p=64485"},"modified":"2023-07-10T12:00:25","modified_gmt":"2023-07-10T17:00:25","slug":"detencion-de-dirigente-transportista-detonante-para-la-violencia-que-paralizo-a-chilpancingo","status":"publish","type":"post","link":"https:\/\/www.interaccionnoticias.com.mx\/?p=64485","title":{"rendered":"Detenci\u00f3n de dirigente transportista, detonante para la violencia que paraliz\u00f3 a Chilpancingo"},"content":{"rendered":"\n<p><strong><em>&#8212; Se trata de Jes\u00fas Echeverr\u00eda Pe\u00f1afiel, quien l\u00eddera a los trabajadores del volante del circuito R\u00edo Azul<br>&#8212; En junio de 2022, dicho dirigente encabez\u00f3 la retenci\u00f3n de elementos del Ej\u00e9rcito Mexicano, en Petaquillas<\/em><\/strong><\/p>\n\n\n\n<p><strong>Rogelio Agust\u00edn<\/strong><\/p>\n\n\n\n<p>La detenci\u00f3n de Jes\u00fas Echeverr\u00eda Pe\u00f1afiel, l\u00edder de los transportistas del circuito R\u00edo Azul y de los pueblos del Valle del Ocotito fue el detonante para que grupos del crimen organizado desataran la escalada de violencia que paraliz\u00f3 a la capital de Guerrero la noche del s\u00e1bado 8 de abril.<\/p>\n\n\n\n<p>Ludwid Marcial Reynoso N\u00fa\u00f1ez, secretario general de Gobierno, confirm\u00f3 que la captura de Echeverr\u00eda Pe\u00f1afiel fue un requerimiento de la Fiscal\u00eda General de la Rep\u00fablica (FGR), no de las autoridades locales.<\/p>\n\n\n\n<p>Incluso, sostuvo que el detenido ya no se encuentra en Guerrero, derivado de los intentos por forzar su liberaci\u00f3n.<\/p>\n\n\n\n<p>Lo anterior, debido a que los d\u00edas jueves y viernes, transportistas de las rutas que comunican a Chilpancingo con el Circuito R\u00edo Azul y la zona del Valle, intentaron bloquear la Autopista del Sol, en la entrada sur de la capital del estado, lo que propici\u00f3 el despliegue de la Polic\u00eda del Estado y de personal de la Guardia Nacional (GN).<\/p>\n\n\n\n<p>Incluso, la SSP moviliz\u00f3 seis tanquetas blindadas de reciente adquisici\u00f3n del Gobierno de Guerrero, conocidas como \u201cMambas Negras\u201d.<\/p>\n\n\n\n<p>Jes\u00fas Echeverr\u00eda es conocido bajo el alias de \u201cEl Topo\u201d y en junio de 2022 encabez\u00f3 la retenci\u00f3n de tres unidades de elementos del Ej\u00e9rcito Mexicano en la comunidad de Petaquillas, bajo el argumento de que hab\u00edan cometido una incursi\u00f3n muy violenta en varias viviendas de la periferia de dicha comunidad, ubicada a escasos diez kil\u00f3metros de Chilpancingo.<\/p>\n\n\n\n<p>El viernes 7 de julio, la Secretar\u00eda de Seguridad P\u00fablica (SSP) report\u00f3 que Jes\u00fas fue detenido desde la jornada del jueves, a la altura del fraccionamiento Villas Vicente Guerrero junto contra persona, que en la camioneta encontraron cargadores y cartuchos \u00fatiles de rifle AK-47.<\/p>\n\n\n\n<p>Horas antes de que se boletinara dicha detenci\u00f3n, la familia de ambos detenidos ofreci\u00f3 una conferencia, en la que denunciaron un trato abusivo de parte de la Polic\u00eda del Estado.<\/p>\n\n\n\n<p>Ese es el trasfondo de la violencia<\/p>\n\n\n\n<p>El responsable de la pol\u00edtica interna sostiene que esa captura fue el detonante de la violencia que paraliz\u00f3 a la ciudad la noche del s\u00e1bado 8 de julio.<\/p>\n\n\n\n<p>\u201cEn esto hay un trasfondo y tiene que ver con la detenci\u00f3n del l\u00edder del transporte, esa fue una detenci\u00f3n que se realiz\u00f3 a petici\u00f3n de la FGR, ya est\u00e1 sujeto a proceso este individuo y ser\u00e1 la autoridad jurisdiccional la que en su momento determine que es lo que sucede con esta persona\u201d.<\/p>\n\n\n\n<p>Agreg\u00f3: \u201cEntiendo que esta persona ya no est\u00e1 en Chilpancingo\u201d.<\/p>\n\n\n\n<p>Respecto a los asesinatos registrados el s\u00e1bado, indic\u00f3 que ya la Fiscal\u00eda General del Estado (FGE) se encuentra a cargo de las investigaciones.<\/p>\n\n\n\n<p>Explic\u00f3: \u201cFue a partir de la detenci\u00f3n de este personaje es que se comienzan a dar agresiones, vinos el intento de quemar una urvan (la madrugada del viernes en la delegaci\u00f3n de FGR), luego las personas asesinadas en Txtla, una agresi\u00f3n en la base de la Universidad Pedag\u00f3gica Nacional (UPN), un taxista atacado en la colonia Margarita Viguri y los ataques cerca de Petaquilla\u201d.<\/p>\n\n\n\n<p>Indic\u00f3: \u201cSe dieron hechos, agresiones entre grupos (delictivos), todo eso se esta investigando, la Fiscal\u00eda de Guerrero, desde el primer momento comenz\u00f3 con las investigaciones\u201d.<\/p>\n\n\n\n<p>Agreg\u00f3 que en estos momentos es importante dar seguridad y tranquilidad a la sociedad de Chilpancingo, por eso es que se puso en marcha el operativo en que participan la Polic\u00eda del Estado; Guardia Nacional, el Ej\u00e9rcito y se tiene el refuerzo de la Marina Armada.<\/p>\n\n\n\n<p>Indic\u00f3: \u201cLa sociedad de Chilpancingo no est\u00e1 abandonada a su suerte, eso debe quedar claro\u201d.<\/p>\n","protected":false},"excerpt":{"rendered":"<p>&#8212; Se trata de Jes\u00fas Echeverr\u00eda Pe\u00f1afiel, quien l\u00eddera a los trabajadores del volante del circuito R\u00edo Azul&#8212; En junio de 2022, dicho dirigente encabez\u00f3 la retenci\u00f3n de elementos del&hellip; <\/p>\n","protected":false},"author":21,"featured_media":64486,"comment_status":"open","ping_status":"open","sticky":false,"template":"","format":"standard","meta":{"fifu_image_url":"","fifu_image_alt":"","footnotes":""},"categories":[27],"tags":[],"class_list":["post-64485","post","type-post","status-publish","format-standard","has-post-thumbnail","hentry","category-seguridad-publica"],"_links":{"self":[{"href":"https:\/\/www.interaccionnoticias.com.mx\/index.php?rest_route=\/wp\/v2\/posts\/64485","targetHints":{"allow":["GET"]}}],"collection":[{"href":"https:\/\/www.interaccionnoticias.com.mx\/index.php?rest_route=\/wp\/v2\/posts"}],"about":[{"href":"https:\/\/www.interaccionnoticias.com.mx\/index.php?rest_route=\/wp\/v2\/types\/post"}],"author":[{"embeddable":true,"href":"https:\/\/www.interaccionnoticias.com.mx\/index.php?rest_route=\/wp\/v2\/users\/21"}],"replies":[{"embeddable":true,"href":"https:\/\/www.interaccionnoticias.com.mx\/index.php?rest_route=%2Fwp%2Fv2%2Fcomments&post=64485"}],"version-history":[{"count":1,"href":"https:\/\/www.interaccionnoticias.com.mx\/index.php?rest_route=\/wp\/v2\/posts\/64485\/revisions"}],"predecessor-version":[{"id":64487,"href":"https:\/\/www.interaccionnoticias.com.mx\/index.php?rest_route=\/wp\/v2\/posts\/64485\/revisions\/64487"}],"wp:featuredmedia":[{"embeddable":true,"href":"https:\/\/www.interaccionnoticias.com.mx\/index.php?rest_route=\/wp\/v2\/media\/64486"}],"wp:attachment":[{"href":"https:\/\/www.interaccionnoticias.com.mx\/index.php?rest_route=%2Fwp%2Fv2%2Fmedia&parent=64485"}],"wp:term":[{"taxonomy":"category","embeddable":true,"href":"https:\/\/www.interaccionnoticias.com.mx\/index.php?rest_route=%2Fwp%2Fv2%2Fcategories&post=64485"},{"taxonomy":"post_tag","embeddable":true,"href":"https:\/\/www.interaccionnoticias.com.mx\/index.php?rest_route=%2Fwp%2Fv2%2Ftags&post=64485"}],"curies":[{"name":"wp","href":"https:\/\/api.w.org\/{rel}","templated":true}]}}