{"id":64470,"date":"2023-07-09T20:58:16","date_gmt":"2023-07-10T01:58:16","guid":{"rendered":"https:\/\/interaccionnoticias.com.mx\/?p=64470"},"modified":"2023-07-09T20:58:19","modified_gmt":"2023-07-10T01:58:19","slug":"tras-jornada-violenta-cancelan-visita-de-adan-augusto-en-chilpancingo","status":"publish","type":"post","link":"https:\/\/www.interaccionnoticias.com.mx\/?p=64470","title":{"rendered":"Tras jornada violenta, cancelan visita de Ad\u00e1n Augusto en Chilpancingo"},"content":{"rendered":"\n<p><strong><em>&#8212; Pero s\u00ed estar\u00e1 en Acapulco y Cruz Grande<\/em><\/strong><\/p>\n\n\n\n<p><strong>Rogelio Agust\u00edn<\/strong><\/p>\n\n\n\n<p>La violencia generada el s\u00e1bado 8 de julio afect\u00f3 la gira que este lunes realizar\u00e1 el ex secretario de Gobernaci\u00f3n Ad\u00e1n Augusto L\u00f3pez en Guerrero, pues ya no visitar\u00e1 la capital del estado, como se ten\u00eda previsto hast antes del fin de semana.<\/p>\n\n\n\n<p>El jueves 6 de julio, el ex diputado local, Servando de jes\u00fas Salgado Guzm\u00e1n, coordinador del equipo de Ad\u00e1n Augusto L\u00f3pez, anunci\u00f3 que el aspirante a la candidatura presidencia del MORENA estar\u00eda en Chilpancingo la jornada del lunes.<\/p>\n\n\n\n<p>Salgado Guzm\u00e1n, coment\u00f3 que Augusto L\u00f3pez estar\u00eda en el sal\u00f3n Diamante, donde desayunar\u00eda con simpatizantes y para las 10:30 horas sostendr\u00eda un encuentro con los medios de comunicaci\u00f3n.<\/p>\n\n\n\n<p>Este domingo, el coordinador estatal, Yoshio \u00c1vila difundi\u00f3 una invitaci\u00f3n oficial, en la que se dan a conocer actividades del aspirante presidencial en Acapulco, a las 13:30 horas y se espera que llegue a las 16:30 horas a Cruz Grande, municipio ubicado en la Costa Chica.<\/p>\n\n\n\n<p>No se menciona el caso de Chilpancingo, pero se hace hincapi\u00e9 en que se trata de actividades del ex secretario de Gobernaci\u00f3n en el estado de Guerrero.<\/p>\n","protected":false},"excerpt":{"rendered":"<p>&#8212; Pero s\u00ed estar\u00e1 en Acapulco y Cruz Grande Rogelio Agust\u00edn La violencia generada el s\u00e1bado 8 de julio afect\u00f3 la gira que este lunes realizar\u00e1 el ex secretario de&hellip; <\/p>\n","protected":false},"author":21,"featured_media":64471,"comment_status":"open","ping_status":"open","sticky":false,"template":"","format":"standard","meta":{"fifu_image_url":"","fifu_image_alt":"","footnotes":""},"categories":[21],"tags":[],"class_list":["post-64470","post","type-post","status-publish","format-standard","has-post-thumbnail","hentry","category-politica"],"_links":{"self":[{"href":"https:\/\/www.interaccionnoticias.com.mx\/index.php?rest_route=\/wp\/v2\/posts\/64470","targetHints":{"allow":["GET"]}}],"collection":[{"href":"https:\/\/www.interaccionnoticias.com.mx\/index.php?rest_route=\/wp\/v2\/posts"}],"about":[{"href":"https:\/\/www.interaccionnoticias.com.mx\/index.php?rest_route=\/wp\/v2\/types\/post"}],"author":[{"embeddable":true,"href":"https:\/\/www.interaccionnoticias.com.mx\/index.php?rest_route=\/wp\/v2\/users\/21"}],"replies":[{"embeddable":true,"href":"https:\/\/www.interaccionnoticias.com.mx\/index.php?rest_route=%2Fwp%2Fv2%2Fcomments&post=64470"}],"version-history":[{"count":2,"href":"https:\/\/www.interaccionnoticias.com.mx\/index.php?rest_route=\/wp\/v2\/posts\/64470\/revisions"}],"predecessor-version":[{"id":64473,"href":"https:\/\/www.interaccionnoticias.com.mx\/index.php?rest_route=\/wp\/v2\/posts\/64470\/revisions\/64473"}],"wp:featuredmedia":[{"embeddable":true,"href":"https:\/\/www.interaccionnoticias.com.mx\/index.php?rest_route=\/wp\/v2\/media\/64471"}],"wp:attachment":[{"href":"https:\/\/www.interaccionnoticias.com.mx\/index.php?rest_route=%2Fwp%2Fv2%2Fmedia&parent=64470"}],"wp:term":[{"taxonomy":"category","embeddable":true,"href":"https:\/\/www.interaccionnoticias.com.mx\/index.php?rest_route=%2Fwp%2Fv2%2Fcategories&post=64470"},{"taxonomy":"post_tag","embeddable":true,"href":"https:\/\/www.interaccionnoticias.com.mx\/index.php?rest_route=%2Fwp%2Fv2%2Ftags&post=64470"}],"curies":[{"name":"wp","href":"https:\/\/api.w.org\/{rel}","templated":true}]}}