{"id":6434,"date":"2017-07-12T19:36:39","date_gmt":"2017-07-13T00:36:39","guid":{"rendered":"http:\/\/www.inter-accion.com.mx\/?p=6434"},"modified":"2017-07-12T19:36:39","modified_gmt":"2017-07-13T00:36:39","slug":"angel-de-acapulco-dona-sus-organos-a-cinco-personas-diferentes","status":"publish","type":"post","link":"https:\/\/www.interaccionnoticias.com.mx\/?p=6434","title":{"rendered":"&quot;Angel de Acapulco&quot; dona sus \u00f3rganos a cinco personas diferentes"},"content":{"rendered":"<p><br \/>\n<br \/>\n<strong>Es el primer donador multiorg\u00e1nico de la entidad, solo ten\u00eda 11 a\u00f1os&nbsp;<\/strong><br \/>\n<strong>Acapulco, Gro.-<\/strong> Al fallecer, el llamado \u201c\u00c1ngel\u201d acapulque\u00f1o, dio vida a cinco personas al donar sus \u00f3rganos. Era un adolescente de 11 a\u00f1os de edad, y tambi\u00e9n el primer donador multiorg\u00e1nico de Guerrero.<br \/>\nLa muerte de este h\u00e9roe an\u00f3nimo fue inesperada, pues sus padres aseguran que nunca se enfermaba, contaba con 11 a\u00f1os, sano y alegre, cont\u00f3 su madre, una mujer acapulque\u00f1a de oficio comerciante.<br \/>\n\u201cA \u00e9l no le gustaba estar sin hacer nada, dec\u00eda que se aburr\u00eda, siempre encontraba algo que hacer, era un buen ni\u00f1o, muy noble\u201d, expres\u00f3 su mam\u00e1.<br \/>\nA pesar de que fue una decisi\u00f3n dif\u00edcil,&nbsp;la&nbsp;mam\u00e1 de \u00e9ste h\u00e9roe&nbsp;tom\u00f3 la decisi\u00f3n en cuanto los doctores le dijeron que su hijo ya no despertar\u00eda.<br \/>\n\u201cYo les dir\u00eda (a quienes tengan que tomar la decisi\u00f3n de donaci\u00f3n) que lo hagan,&nbsp; que es algo hermoso; yo lo que siento es que mi ni\u00f1o es un h\u00e9roe y que va ayudar a otros ni\u00f1os, yo me siento satisfecha con que mi hijo va a ayudar a otros ni\u00f1os\u201d, dijo y coment\u00f3 que a pesar de no ser derechohabientes, cuando vio el dolor tan grande&nbsp; de su hijo, nunca dudo en traerlo a urgencias del IMSS.<br \/>\nEl llamado \u00c1ngel acapulque\u00f1o, ansiaba sus vacaciones. Iba a cumplir 12 a\u00f1os de edad el pr\u00f3ximo domingo. Y como regalo recibir\u00eda un viaje a la Ciudad de M\u00e9xico donde planeaba visitar los centros de recreaci\u00f3n m\u00e1s importantes.<br \/>\nPero, se informa que repentinamente tuvo un fuerte dolor de cabeza y fue llevado al Hospital General Regional No. 1 del IMSS en Acapulco en donde present\u00f3 muerte cerebral, indic\u00f3 el m\u00e9dico.&nbsp;<br \/>\nPese a no ser derechohabiente el personal m\u00e9dico lo atendi\u00f3. Se indica que present\u00f3 paro cardiorespiratorio, y le diagnosticaron muerte encef\u00e1lica por ausencia de actividad cerebral.<br \/>\nSin embargo, hoy gracias a los \u00f3rganos donados por su madre, este \u201c\u00c1ngel\u201d acapulque\u00f1o salv\u00f3 la vida a unos y se la mejor\u00f3 la calidad de vida a otros que en total suman cinco ni\u00f1as y ni\u00f1os.<br \/>\nAs\u00ed por primera vez en Guerrero se present\u00f3 una donaci\u00f3n multiorg\u00e1nica en un menor de edad, que al procurarle h\u00edgado, ri\u00f1ones y c\u00f3rneas, cambiar\u00e1 la vida de cinco ni\u00f1os y ni\u00f1as de diferentes estados del pa\u00eds.<br \/>\n\u201cDeseamos la donaci\u00f3n, porque queremos que nuestro bebe, contin\u00fae en el cuerpo de alguien m\u00e1s\u201d, dijo que fueron las primeras palabras de la madres del menor, record\u00f3 el m\u00e9dico y nefr\u00f3logo del Instituto Mexicano del Seguro Social en Acapulco, Anuar Hern\u00e1ndez.<br \/>\nPor su parte el delegado del IMSS, Reyes&nbsp;Betancurt Linares, dijo que se trat\u00f3 de un esfuerzo interinstitucional, m\u00e9dicos especialistas del Seguro Social y del ISSSTE, realizaron esta exitosa intervenci\u00f3n quir\u00fargica en un ni\u00f1o de 11 a\u00f1os de edad, quien registr\u00f3 muerte cerebral,&nbsp;como consecuencia de una malformaci\u00f3n arteriovenosa cerebral, tambi\u00e9n conocido como aneurisma.<br \/>\nLa malformaci\u00f3n arteriovenosa cerebral se define como una conexi\u00f3n anormal entre las arterias y las venas en el cerebro que por lo general se forma antes de nacer, desconoci\u00e9ndose la causa.<br \/>\nLos \u00f3rganos procurados fueron trasladados v\u00eda \u00e1rea en una unidad de la Procuradur\u00eda General de la Republica (PGR)&nbsp; a los hospitales designados, para ser trasplantados a ni\u00f1as y ni\u00f1os en lista de espera.<\/p>\n","protected":false},"excerpt":{"rendered":"<p>Es el primer donador multiorg\u00e1nico de la entidad, solo ten\u00eda 11 a\u00f1os&nbsp; Acapulco, Gro.- Al fallecer, el llamado \u201c\u00c1ngel\u201d acapulque\u00f1o, dio vida a cinco personas al donar sus \u00f3rganos. Era&hellip; <\/p>\n","protected":false},"author":1,"featured_media":0,"comment_status":"closed","ping_status":"closed","sticky":false,"template":"","format":"standard","meta":{"fifu_image_url":"","fifu_image_alt":"","footnotes":""},"categories":[8,23],"tags":[],"class_list":["post-6434","post","type-post","status-publish","format-standard","hentry","category-featured","category-regionales"],"_links":{"self":[{"href":"https:\/\/www.interaccionnoticias.com.mx\/index.php?rest_route=\/wp\/v2\/posts\/6434","targetHints":{"allow":["GET"]}}],"collection":[{"href":"https:\/\/www.interaccionnoticias.com.mx\/index.php?rest_route=\/wp\/v2\/posts"}],"about":[{"href":"https:\/\/www.interaccionnoticias.com.mx\/index.php?rest_route=\/wp\/v2\/types\/post"}],"author":[{"embeddable":true,"href":"https:\/\/www.interaccionnoticias.com.mx\/index.php?rest_route=\/wp\/v2\/users\/1"}],"replies":[{"embeddable":true,"href":"https:\/\/www.interaccionnoticias.com.mx\/index.php?rest_route=%2Fwp%2Fv2%2Fcomments&post=6434"}],"version-history":[{"count":0,"href":"https:\/\/www.interaccionnoticias.com.mx\/index.php?rest_route=\/wp\/v2\/posts\/6434\/revisions"}],"wp:attachment":[{"href":"https:\/\/www.interaccionnoticias.com.mx\/index.php?rest_route=%2Fwp%2Fv2%2Fmedia&parent=6434"}],"wp:term":[{"taxonomy":"category","embeddable":true,"href":"https:\/\/www.interaccionnoticias.com.mx\/index.php?rest_route=%2Fwp%2Fv2%2Fcategories&post=6434"},{"taxonomy":"post_tag","embeddable":true,"href":"https:\/\/www.interaccionnoticias.com.mx\/index.php?rest_route=%2Fwp%2Fv2%2Ftags&post=6434"}],"curies":[{"name":"wp","href":"https:\/\/api.w.org\/{rel}","templated":true}]}}