{"id":6431,"date":"2017-07-12T19:28:00","date_gmt":"2017-07-13T00:28:00","guid":{"rendered":"http:\/\/www.inter-accion.com.mx\/?p=6431"},"modified":"2017-07-12T19:28:00","modified_gmt":"2017-07-13T00:28:00","slug":"ratifican-la-denuncia-de-juicio-politico-contra-el-fiscal-de-guerrero","status":"publish","type":"post","link":"https:\/\/www.interaccionnoticias.com.mx\/?p=6431","title":{"rendered":"Ratifican la denuncia de juicio pol\u00edtico contra el fiscal de Guerrero"},"content":{"rendered":"<p><strong>Por omisiones que afectan al inter\u00e9s p\u00fablico<\/strong><br \/>\nLa fracci\u00f3n parlamentaria del Movimiento Ciudadano (MC) en el Congreso de Guerrero, adem\u00e1s del Colegio de Abogados del estado ratificaron la denuncia de juicio pol\u00edtico promovida contra el titular de la Fiscal\u00eda General del Estado (FGE),&nbsp;&nbsp;Javier Olea Pel\u00e1ez.<br \/>\nLa tarde del mi\u00e9rcoles 12 de julio, los diputados Ricardo Mejia Berdeja y Silvano Blanco Deaquino, ambos integrantes de la bancada del MC recurrieron a la direcci\u00f3n de Asuntos Jur\u00eddicos del Congreso del estado para ratificar la denuncia contra el titular de la FGE, a quien entre otras cosas, se\u00f1alan de incurrir en omisiones graves al permitir que haya por lo menos 293 elementos de la Polic\u00eda Investigadora Ministerial (PIM) trabajando pese a que no acreditaron sus ex\u00e1menes de control y confianza.<br \/>\nAmbos representantes populares estuvieron acompa\u00f1aos por Julia Alonso Carbajal, representante de Ciencia Forense Ciudadana, organizaci\u00f3n que de 2014 a la fecha centra sus esfuerzos en la b\u00fasqueda de personas desaparecidas en todo el pa\u00eds.<br \/>\nTambi\u00e9n estuvo Victoriano S\u00e1nchez Carbajal, presidente del Colegio de Abogados del estado, quien desde el principio de la gesti\u00f3n de Olea Pel\u00e1ez, ha sido cr\u00edtico del desempe\u00f1o que ha tenido el actual equipo que encabeza la FGE.<br \/>\nEn el transcurso de la semana, la presidenta de la Junta de Coordinaci\u00f3n Pol\u00edtica del Congreso del Estado, Flor A\u00f1orve Ocampo anticip\u00f3 que la bancada del PRI, que es la primera fuerza en el Poder Legislativo de Guerrero no permitir\u00eda que avance el juicio promovido contra el titular de la FGE.<\/p>\n","protected":false},"excerpt":{"rendered":"<p>Por omisiones que afectan al inter\u00e9s p\u00fablico La fracci\u00f3n parlamentaria del Movimiento Ciudadano (MC) en el Congreso de Guerrero, adem\u00e1s del Colegio de Abogados del estado ratificaron la denuncia de&hellip; <\/p>\n","protected":false},"author":1,"featured_media":0,"comment_status":"closed","ping_status":"closed","sticky":false,"template":"","format":"standard","meta":{"fifu_image_url":"","fifu_image_alt":"","footnotes":""},"categories":[2,8],"tags":[],"class_list":["post-6431","post","type-post","status-publish","format-standard","hentry","category-congreso","category-featured"],"_links":{"self":[{"href":"https:\/\/www.interaccionnoticias.com.mx\/index.php?rest_route=\/wp\/v2\/posts\/6431","targetHints":{"allow":["GET"]}}],"collection":[{"href":"https:\/\/www.interaccionnoticias.com.mx\/index.php?rest_route=\/wp\/v2\/posts"}],"about":[{"href":"https:\/\/www.interaccionnoticias.com.mx\/index.php?rest_route=\/wp\/v2\/types\/post"}],"author":[{"embeddable":true,"href":"https:\/\/www.interaccionnoticias.com.mx\/index.php?rest_route=\/wp\/v2\/users\/1"}],"replies":[{"embeddable":true,"href":"https:\/\/www.interaccionnoticias.com.mx\/index.php?rest_route=%2Fwp%2Fv2%2Fcomments&post=6431"}],"version-history":[{"count":0,"href":"https:\/\/www.interaccionnoticias.com.mx\/index.php?rest_route=\/wp\/v2\/posts\/6431\/revisions"}],"wp:attachment":[{"href":"https:\/\/www.interaccionnoticias.com.mx\/index.php?rest_route=%2Fwp%2Fv2%2Fmedia&parent=6431"}],"wp:term":[{"taxonomy":"category","embeddable":true,"href":"https:\/\/www.interaccionnoticias.com.mx\/index.php?rest_route=%2Fwp%2Fv2%2Fcategories&post=6431"},{"taxonomy":"post_tag","embeddable":true,"href":"https:\/\/www.interaccionnoticias.com.mx\/index.php?rest_route=%2Fwp%2Fv2%2Ftags&post=6431"}],"curies":[{"name":"wp","href":"https:\/\/api.w.org\/{rel}","templated":true}]}}