{"id":6425,"date":"2017-07-12T19:12:47","date_gmt":"2017-07-13T00:12:47","guid":{"rendered":"http:\/\/www.inter-accion.com.mx\/?p=6425"},"modified":"2017-07-12T19:12:47","modified_gmt":"2017-07-13T00:12:47","slug":"masacre-de-las-cruces-no-es-algo-aislado-dice-el-gobernador","status":"publish","type":"post","link":"https:\/\/www.interaccionnoticias.com.mx\/?p=6425","title":{"rendered":"Masacre de Las Cruces no es algo aislado, dice el gobernador"},"content":{"rendered":"<p><strong>En los&nbsp;\u00faltimos&nbsp;seis a\u00f1os fueron asesinadas 14 personas&nbsp;<\/strong><br \/>\nLa masacre al interior del Centro de Reinserci\u00f3n Social (CERESO) de&nbsp; Las Cruces en Acapulco no se trat\u00f3 de un hecho aislado, pues en los \u00faltimos seis a\u00f1os han asesinado a 14 personas al interior de las c\u00e1rceles de Guerrero, se\u00f1al\u00f3 el gobernador de la entidad, H\u00e9ctor Astudillo Flores.<br \/>\nAl encabezar la entrega del m\u00e9rito jur\u00eddico Alberto V\u00e1zquez Mercado, en &nbsp;la residencia oficial Casa Guerrero, el mandatario estatal dijo que los hechos ocurridos el pasado 6 de julio en el CERESO de Acapulco obliga a las autoridades estatales y federales a redise\u00f1ar el sistema carcelario.<br \/>\nReiter\u00f3 que la delincuencia organizada es uno de los problemas m\u00e1s graves que enfrenta el estado, y hechos como la matanza ocurrida en el penal de Acapulco muestran la vulnerabilidad &nbsp;en la que se encuentran los Centros de Reinserci\u00f3n Social en la entidad.<br \/>\nEl jefe del Ejecutivo estatal ratific\u00f3 que la agresi\u00f3n ocurrida en el CERESO de Las Cruces dej\u00f3 como saldo 28 muertos, y que el gobierno del estado no est\u00e1 ocultando una cifra mayor, ante diversas versiones que han sugerido un ocultamiento de informaci\u00f3n.<br \/>\n\u201cNo se trata de hechos aislados: un mot\u00edn en el 2011, en el penal de Las Cruces, &nbsp;dej\u00f3 tres personas fallecidas y ocho heridos. En 2014, en el penal de Iguala, un comando entr\u00f3 y les quit\u00f3 la vida a 10 personas, lo que oblig\u00f3 el traslado de los reos involucrados al penal de Acapulco. En 2015, tras el asesinato de un reo en el penal de Las Cruces, se registraron manifestaciones y bloqueos en la avenida Costera, y fuera del reclusorio\u201d, indic\u00f3.<br \/>\nResalt\u00f3 que lo ocurrido en el penal de Acapulco es la &nbsp;oportunidad de visualizar cambios reales y profundos, empezando con la colaboraci\u00f3n del gobierno del estado y las autoridades federales competentes, por planear y redise\u00f1ar el sistema carcelario.&nbsp;<br \/>\n<strong>Iniciativa a &nbsp;la ley 701 hasta que el Congreso apruebe la reforma al art\u00edculo 14 constitucional.<\/strong><br \/>\nEl gobernador, H\u00e9ctor Astudillo Flores, adelant\u00f3 que presentar\u00e1 una iniciativa para reformar la Ley 701 de Reconocimiento, Derechos de los Pueblos y Comunidades ind\u00edgenas, despu\u00e9s de que el Congreso del estado apruebe la reforma al art\u00edculo 14 de la Constituci\u00f3n Pol\u00edtica del estado, que tiene que ver con seguridad p\u00fablica, prevenci\u00f3n del delito, y el sistema de faltas de los pueblos y comunidades ind\u00edgenas y afro mexicanas, cuyo seguimiento corresponde a la polic\u00eda comunitaria.<br \/>\nRecord\u00f3 que la iniciativa de reforma al art\u00edculo 14 Constitucional es una recomendaci\u00f3n de la Comisi\u00f3n Nacional de Derechos Humanos, la cual estableci\u00f3 analizar y presentar cambios legislativos para garantizar el principio de autonom\u00eda de los pueblos y comunidades ind\u00edgenas, que est\u00e1 compuesto por el sistema comunitario de justicia, y que este sea compatible con el sistema internacional de Derechos Humanos.<br \/>\n\u201cHe manifestado que la voluntad del Gobernador del estado &nbsp;es adecuar la ley 701 vigente, introduciendo las modificaciones y mejoras que conlleven a la adecuaci\u00f3n del texto Constitucional, en cumplimiento a la recomendaci\u00f3n 9\/2016 de la Comisi\u00f3n Nacional de Derechos Humanos\u201d, coment\u00f3.<br \/>\nRecalc\u00f3 que el punto 133 de la recomendaci\u00f3n refiri\u00f3 que la justicia comunitaria no podr\u00e1 suplir la funci\u00f3n del estado de garantizar la funci\u00f3n constitucional.<br \/>\nLa iniciativa enviada por el gobernador lleg\u00f3 al Congreso el pasado mes de abril, y plantea, entre otras cosas, que desaparezca del texto constitucional la funci\u00f3n de seguimiento y acci\u00f3n que tiene la polic\u00eda rural o la polic\u00eda comunitaria al sistema de faltas acordado en el reglamento interno de las comunidades ind\u00edgenas, y pretende que se especifique una adecuada limitaci\u00f3n de competencias en materias de seguridad p\u00fablica e impartici\u00f3n de justicia entre los sistemas normativos ind\u00edgenas, y el sistema jur\u00eddico estatal.<br \/>\n&nbsp;<\/p>\n","protected":false},"excerpt":{"rendered":"<p>En los&nbsp;\u00faltimos&nbsp;seis a\u00f1os fueron asesinadas 14 personas&nbsp; La masacre al interior del Centro de Reinserci\u00f3n Social (CERESO) de&nbsp; Las Cruces en Acapulco no se trat\u00f3 de un hecho aislado, pues&hellip; <\/p>\n","protected":false},"author":1,"featured_media":0,"comment_status":"closed","ping_status":"closed","sticky":false,"template":"","format":"standard","meta":{"fifu_image_url":"","fifu_image_alt":"","footnotes":""},"categories":[8,27],"tags":[],"class_list":["post-6425","post","type-post","status-publish","format-standard","hentry","category-featured","category-seguridad-publica"],"_links":{"self":[{"href":"https:\/\/www.interaccionnoticias.com.mx\/index.php?rest_route=\/wp\/v2\/posts\/6425","targetHints":{"allow":["GET"]}}],"collection":[{"href":"https:\/\/www.interaccionnoticias.com.mx\/index.php?rest_route=\/wp\/v2\/posts"}],"about":[{"href":"https:\/\/www.interaccionnoticias.com.mx\/index.php?rest_route=\/wp\/v2\/types\/post"}],"author":[{"embeddable":true,"href":"https:\/\/www.interaccionnoticias.com.mx\/index.php?rest_route=\/wp\/v2\/users\/1"}],"replies":[{"embeddable":true,"href":"https:\/\/www.interaccionnoticias.com.mx\/index.php?rest_route=%2Fwp%2Fv2%2Fcomments&post=6425"}],"version-history":[{"count":0,"href":"https:\/\/www.interaccionnoticias.com.mx\/index.php?rest_route=\/wp\/v2\/posts\/6425\/revisions"}],"wp:attachment":[{"href":"https:\/\/www.interaccionnoticias.com.mx\/index.php?rest_route=%2Fwp%2Fv2%2Fmedia&parent=6425"}],"wp:term":[{"taxonomy":"category","embeddable":true,"href":"https:\/\/www.interaccionnoticias.com.mx\/index.php?rest_route=%2Fwp%2Fv2%2Fcategories&post=6425"},{"taxonomy":"post_tag","embeddable":true,"href":"https:\/\/www.interaccionnoticias.com.mx\/index.php?rest_route=%2Fwp%2Fv2%2Ftags&post=6425"}],"curies":[{"name":"wp","href":"https:\/\/api.w.org\/{rel}","templated":true}]}}