{"id":6422,"date":"2017-07-12T19:08:49","date_gmt":"2017-07-13T00:08:49","guid":{"rendered":"http:\/\/www.inter-accion.com.mx\/?p=6422"},"modified":"2017-07-12T19:08:49","modified_gmt":"2017-07-13T00:08:49","slug":"conafor-reforestara-con-9-millones-de-arboles-en-puntos-estrategicos-de-guerrero","status":"publish","type":"post","link":"https:\/\/www.interaccionnoticias.com.mx\/?p=6422","title":{"rendered":"Conafor reforestar\u00e1 con 9 millones de \u00e1rboles en puntos estrat\u00e9gicos de Guerrero"},"content":{"rendered":"<p>La Comisi\u00f3n Nacional Forestal (Conafor) pretende reforestar con 9 millones de \u00e1rboles de diferentes especies en puntos estrat\u00e9gicos de&nbsp;&nbsp;entidad, principalmente las zonas que fueron devastadas por los incendios forestales durante la temporada de estiaje.<br \/>\nIv\u00e1n S\u00e1nchez Aguilar, delegado en Guerrero de la Conafor explic\u00f3 que hay por lo menos nueve instituciones del gobierno estatal y federal involucrados en los trabajos de reforestaci\u00f3n.<br \/>\nLa meta, es que antes de que cierre 2017 se hayan sembrado 9 millones 645 mil \u00e1rboles, previa selecci\u00f3n de las especies adecuadas.<br \/>\nExplic\u00f3 que se pretende abarcar una extensi\u00f3n de 8 mil 877 hect\u00e1reas, principalmente pino en sus diferentes especies.<br \/>\nExplic\u00f3 que el impulsar la reforestaci\u00f3n ayuda en el proceso de la regeneraci\u00f3n del suelo y la preservaci\u00f3n del mismo, por eso es que 4 mil 200 hect\u00e1reas son consideradas en el programa de compensaci\u00f3n, en donde se consideran las \u00e1reas afectadas por plagas e incendios forestales.<br \/>\nRecord\u00f3 que este a\u00f1o fueron 24 mil hect\u00e1reas las afectadas por los incendios, aunque la mayor parte son pastizales y matorrales que en la temporada de lluvias se regeneran de manera natural.<br \/>\nLo que se compensa es el arbolado adulto y renuevo, por lo que mencion\u00f3 zonas como el parque \u201cEl Veladero\u201d, en donde se reportaron inicialmente m\u00e1s de 160 hect\u00e1reas con da\u00f1o, pero de arbolado adulto y renuevo solamente se perdieron dos hect\u00e1reas y media, lo que implica sembrar 3 mil 300 plantas.<br \/>\nPara el viernes se reforestar\u00e1 en Taxco de Alarc\u00f3n el cerro del Huixteco, en donde de entrada se sembrar\u00e1n 2 mil 200 \u00e1rboles en dos hect\u00e1reas, en el contexto del D\u00eda el Arbol.<\/p>\n","protected":false},"excerpt":{"rendered":"<p>La Comisi\u00f3n Nacional Forestal (Conafor) pretende reforestar con 9 millones de \u00e1rboles de diferentes especies en puntos estrat\u00e9gicos de&nbsp;&nbsp;entidad, principalmente las zonas que fueron devastadas por los incendios forestales durante&hellip; <\/p>\n","protected":false},"author":1,"featured_media":0,"comment_status":"closed","ping_status":"closed","sticky":false,"template":"","format":"standard","meta":{"fifu_image_url":"","fifu_image_alt":"","footnotes":""},"categories":[8,23],"tags":[],"class_list":["post-6422","post","type-post","status-publish","format-standard","hentry","category-featured","category-regionales"],"_links":{"self":[{"href":"https:\/\/www.interaccionnoticias.com.mx\/index.php?rest_route=\/wp\/v2\/posts\/6422","targetHints":{"allow":["GET"]}}],"collection":[{"href":"https:\/\/www.interaccionnoticias.com.mx\/index.php?rest_route=\/wp\/v2\/posts"}],"about":[{"href":"https:\/\/www.interaccionnoticias.com.mx\/index.php?rest_route=\/wp\/v2\/types\/post"}],"author":[{"embeddable":true,"href":"https:\/\/www.interaccionnoticias.com.mx\/index.php?rest_route=\/wp\/v2\/users\/1"}],"replies":[{"embeddable":true,"href":"https:\/\/www.interaccionnoticias.com.mx\/index.php?rest_route=%2Fwp%2Fv2%2Fcomments&post=6422"}],"version-history":[{"count":0,"href":"https:\/\/www.interaccionnoticias.com.mx\/index.php?rest_route=\/wp\/v2\/posts\/6422\/revisions"}],"wp:attachment":[{"href":"https:\/\/www.interaccionnoticias.com.mx\/index.php?rest_route=%2Fwp%2Fv2%2Fmedia&parent=6422"}],"wp:term":[{"taxonomy":"category","embeddable":true,"href":"https:\/\/www.interaccionnoticias.com.mx\/index.php?rest_route=%2Fwp%2Fv2%2Fcategories&post=6422"},{"taxonomy":"post_tag","embeddable":true,"href":"https:\/\/www.interaccionnoticias.com.mx\/index.php?rest_route=%2Fwp%2Fv2%2Ftags&post=6422"}],"curies":[{"name":"wp","href":"https:\/\/api.w.org\/{rel}","templated":true}]}}