{"id":6419,"date":"2017-07-12T18:47:04","date_gmt":"2017-07-12T23:47:04","guid":{"rendered":"http:\/\/www.inter-accion.com.mx\/?p=6419"},"modified":"2017-07-12T18:47:04","modified_gmt":"2017-07-12T23:47:04","slug":"normalistas-de-ayotzinapa-piden-justicia-para-sus-companeros-muertos-en-atropellamiento","status":"publish","type":"post","link":"https:\/\/www.interaccionnoticias.com.mx\/?p=6419","title":{"rendered":"Normalistas de Ayotzinapa piden justicia para sus compa\u00f1eros muertos en atropellamiento"},"content":{"rendered":"<p><strong>Un trailero los impact\u00f3 en forma deliberada, aseguran<\/strong><br \/>\nEstudiantes de la Normal Rural de Ayotzinapa reprocharon la dilaci\u00f3n con que una juez penal ha manejado el caso de Benjam\u00edn Torres Salgado, trailero que el 7 de enero de 2014 mat\u00f3 por atropellamiento a dos de sus compa\u00f1eros, en tanto que provoc\u00f3 heridas graves a tres m\u00e1s.<br \/>\nLa sociedad de alumnos Ricardo Flores Mag\u00f3n, record\u00f3 que la ma\u00f1ana del 7 de enero de 2014, un grupo de estudiantes se encontraba realizando una actividad de boteo, con la intenci\u00f3n de reunir recursos para completar las raciones alimenticias para sus compa\u00f1eros de primer grado.<br \/>\nMientras realizaban la acci\u00f3n, el camionero Torres Salgado enfil\u00f3 hacia ellos a exceso de velocidad, cargando un tracto cami\u00f3n que sobrepasaba sus dimensiones y por ello, pon\u00eda en riesgo a los dem\u00e1s usuarios de la carretera.<br \/>\nAunque el percance se pudo evitar, el chofer tom\u00f3 la decisi\u00f3n de no bajar la velocidad ni maniobrar para evitar al grupo de estudiantes, raz\u00f3n por la que impact\u00f3 por lo menos a seis; muriendo en el lugar Freddy Fernando V\u00e1zquez Crusp\u00edn y Eugenio Tamarit Huerta.<br \/>\nHeridos de gravedad quedaron Bartolo Leyva Baltazar, Eder Yahir P\u00e9rez Seraf\u00edn y Luis Enrique Miranda Tirado, quienes fueron canalizados a un hospital en condiciones muy delicadas.<br \/>\nEl percance se registr\u00f3 en las inmediaciones de la municipio de Atoyac de Alvarez, en la regi\u00f3n de la Costa Grande.<br \/>\nLos integrantes de la sociedad de alumnos sostienen que el atropellamiento fue consecuencia del proceso de criminalizaci\u00f3n que la Normal Rural de Ayotzinapa ha sufrido a lo largo de muchos a\u00f1os, pues Benjam\u00edn no se encontraba en estado de ebriedad ni bajo el influjo de alguna droga, de tal manera que se encontraba completamente en sus cinco sentidos para decidir que hacer.<br \/>\nAl inclinarse por el atropellamiento, infieren que el conductor del tr\u00e1iler actu\u00f3 de forma dolosa y premeditada.<br \/>\nPor esa raz\u00f3n, reprocharon que a m\u00e1s de tres a\u00f1os y medio del percance, la Juez de Primera Instancia del Distrito Judicial de Galeana no haya emitido una sentencia en contra del tr\u00e1ilero.<br \/>\nOtra agravante que mencionan, es que el chofer no se detuvo para dar el auxilio a las v\u00edctimas y asumir su responsabilidad en el hecho, opt\u00f3 por darse a la fuga pero fue alcanzado cerca de Coyuca de Ben\u00edtez.<br \/>\nPor esa raz\u00f3n, advirtieron que este jueves 13 de julio se concentrar\u00e1n en la sede del Distrito Judicial de Galeana, para marchar en Chilpancingo la ma\u00f1ana del viernes 14 en la capital de Guerrero.<br \/>\nAdem\u00e1s de los estudiantes, en las actividades del cierre de semana participar\u00e1n integrantes de diferentes organizaciones sociales, que se\u00f1alan que ese hecho n debe quedar impune.<\/p>\n","protected":false},"excerpt":{"rendered":"<p>Un trailero los impact\u00f3 en forma deliberada, aseguran Estudiantes de la Normal Rural de Ayotzinapa reprocharon la dilaci\u00f3n con que una juez penal ha manejado el caso de Benjam\u00edn Torres&hellip; <\/p>\n","protected":false},"author":1,"featured_media":0,"comment_status":"closed","ping_status":"closed","sticky":false,"template":"","format":"standard","meta":{"fifu_image_url":"","fifu_image_alt":"","footnotes":""},"categories":[8,15],"tags":[],"class_list":["post-6419","post","type-post","status-publish","format-standard","hentry","category-featured","category-movimientos-sociales"],"_links":{"self":[{"href":"https:\/\/www.interaccionnoticias.com.mx\/index.php?rest_route=\/wp\/v2\/posts\/6419","targetHints":{"allow":["GET"]}}],"collection":[{"href":"https:\/\/www.interaccionnoticias.com.mx\/index.php?rest_route=\/wp\/v2\/posts"}],"about":[{"href":"https:\/\/www.interaccionnoticias.com.mx\/index.php?rest_route=\/wp\/v2\/types\/post"}],"author":[{"embeddable":true,"href":"https:\/\/www.interaccionnoticias.com.mx\/index.php?rest_route=\/wp\/v2\/users\/1"}],"replies":[{"embeddable":true,"href":"https:\/\/www.interaccionnoticias.com.mx\/index.php?rest_route=%2Fwp%2Fv2%2Fcomments&post=6419"}],"version-history":[{"count":0,"href":"https:\/\/www.interaccionnoticias.com.mx\/index.php?rest_route=\/wp\/v2\/posts\/6419\/revisions"}],"wp:attachment":[{"href":"https:\/\/www.interaccionnoticias.com.mx\/index.php?rest_route=%2Fwp%2Fv2%2Fmedia&parent=6419"}],"wp:term":[{"taxonomy":"category","embeddable":true,"href":"https:\/\/www.interaccionnoticias.com.mx\/index.php?rest_route=%2Fwp%2Fv2%2Fcategories&post=6419"},{"taxonomy":"post_tag","embeddable":true,"href":"https:\/\/www.interaccionnoticias.com.mx\/index.php?rest_route=%2Fwp%2Fv2%2Ftags&post=6419"}],"curies":[{"name":"wp","href":"https:\/\/api.w.org\/{rel}","templated":true}]}}