{"id":6416,"date":"2017-07-12T18:35:35","date_gmt":"2017-07-12T23:35:35","guid":{"rendered":"http:\/\/www.inter-accion.com.mx\/?p=6416"},"modified":"2017-07-12T18:35:35","modified_gmt":"2017-07-12T23:35:35","slug":"viable-que-camaras-de-vigilancia-de-comercios-se-integren-al-c-4-canaco","status":"publish","type":"post","link":"https:\/\/www.interaccionnoticias.com.mx\/?p=6416","title":{"rendered":"Viable que c\u00e1maras de vigilancia de comercios se integren al C-4: CANACO"},"content":{"rendered":"<p>El l\u00edder empresarial V\u00edctor Manuel Ortega Corona, dijo que es una opci\u00f3n viable que algunas c\u00e1maras de vigilancia de los comercios, sean integradas y monitoreadas desde el Centro de Control, Comando, Comunicaciones y C\u00f3mputo (C-4) de Chilpancingo.<br \/>\nEl presidente de la C\u00e1mara Nacional del Comercio (CANACO) en la capital, puntualiz\u00f3 que ya hab\u00eda una propuesta del gobierno estatal por conformar un sistema con mayor n\u00famero de aparatos de vigilancia, que estar\u00eda complementado con las c\u00e1maras externas de los comercios, pero hasta el momento el proyecto era desconocido.<br \/>\nResalt\u00f3 que las actividades de vigilancia que hacen los elementos polic\u00edacos son un tema \u00abmuy delicado\u00bb, toda vez que no se tiene certeza de la labor que desempe\u00f1an y en ocasiones no existe confianza de que sea personal certificado.<br \/>\n\u00abLas c\u00e1maras que podr\u00edan vincularse al C4, b\u00e1sicamente ser\u00edan las que se encuentran en el exterior de los negocios y reforzar las que se encuentran en las calles, ante la situaci\u00f3n de violencia desmedida en la capital\u00bb, asegur\u00f3 el dirigente.<br \/>\nEl a\u00f1o pasado, se anunci\u00f3 que el C-4 pasar\u00eda a ser controlado por la Secretar\u00eda de la Defensa Nacional (SEDENA) para un periodo de 6 meses, sin embargo, el plazo se extendi\u00f3 por un semestre m\u00e1s.<br \/>\nDurante ese anunci\u00f3, tambi\u00e9n se dio a conocer la creaci\u00f3n de un Centro de Coordinaci\u00f3n, Comando, Control, Comunicaciones y C\u00f3mputo (C-5), del cual no ha habido mayor informaci\u00f3n sobre la fecha en que iniciar\u00e1 sus operaciones.<br \/>\nActualmente, personal de la Secretar\u00eda de Seguridad P\u00fablica&nbsp; (SSP) es el encargado del monitoreo del C-4.<br \/>\nSeg\u00fan la secretaria ejecutiva del Consejo Estatal de Seguridad P\u00fablica, Nibya Sol\u00eds Peralta, en Chilpancingo son 64 las c\u00e1maras de vigilancia que integran el C-4.<\/p>\n","protected":false},"excerpt":{"rendered":"<p>El l\u00edder empresarial V\u00edctor Manuel Ortega Corona, dijo que es una opci\u00f3n viable que algunas c\u00e1maras de vigilancia de los comercios, sean integradas y monitoreadas desde el Centro de Control,&hellip; <\/p>\n","protected":false},"author":1,"featured_media":0,"comment_status":"closed","ping_status":"closed","sticky":false,"template":"","format":"standard","meta":{"fifu_image_url":"","fifu_image_alt":"","footnotes":""},"categories":[8,27],"tags":[],"class_list":["post-6416","post","type-post","status-publish","format-standard","hentry","category-featured","category-seguridad-publica"],"_links":{"self":[{"href":"https:\/\/www.interaccionnoticias.com.mx\/index.php?rest_route=\/wp\/v2\/posts\/6416","targetHints":{"allow":["GET"]}}],"collection":[{"href":"https:\/\/www.interaccionnoticias.com.mx\/index.php?rest_route=\/wp\/v2\/posts"}],"about":[{"href":"https:\/\/www.interaccionnoticias.com.mx\/index.php?rest_route=\/wp\/v2\/types\/post"}],"author":[{"embeddable":true,"href":"https:\/\/www.interaccionnoticias.com.mx\/index.php?rest_route=\/wp\/v2\/users\/1"}],"replies":[{"embeddable":true,"href":"https:\/\/www.interaccionnoticias.com.mx\/index.php?rest_route=%2Fwp%2Fv2%2Fcomments&post=6416"}],"version-history":[{"count":0,"href":"https:\/\/www.interaccionnoticias.com.mx\/index.php?rest_route=\/wp\/v2\/posts\/6416\/revisions"}],"wp:attachment":[{"href":"https:\/\/www.interaccionnoticias.com.mx\/index.php?rest_route=%2Fwp%2Fv2%2Fmedia&parent=6416"}],"wp:term":[{"taxonomy":"category","embeddable":true,"href":"https:\/\/www.interaccionnoticias.com.mx\/index.php?rest_route=%2Fwp%2Fv2%2Fcategories&post=6416"},{"taxonomy":"post_tag","embeddable":true,"href":"https:\/\/www.interaccionnoticias.com.mx\/index.php?rest_route=%2Fwp%2Fv2%2Ftags&post=6416"}],"curies":[{"name":"wp","href":"https:\/\/api.w.org\/{rel}","templated":true}]}}