{"id":6413,"date":"2017-07-12T18:16:01","date_gmt":"2017-07-12T23:16:01","guid":{"rendered":"http:\/\/www.inter-accion.com.mx\/?p=6413"},"modified":"2017-07-12T18:16:01","modified_gmt":"2017-07-12T23:16:01","slug":"matan-a-dos-hombres-en-chilpancingo","status":"publish","type":"post","link":"https:\/\/www.interaccionnoticias.com.mx\/?p=6413","title":{"rendered":"Matan a dos hombres en Chilpancingo"},"content":{"rendered":"<p><strong>Estaban a bordo de una camioneta, en la colonia Obrera<\/strong><br \/>\nDos hombres fueron asesinados en la colonia Obrera, ubicada en el sector poniente de la capital de Guerrero.<br \/>\nDe acuerdo con la Polic\u00eda del Estado, la ma\u00f1ana del mi\u00e9rcoles, desconocidos atacaron a balazos&nbsp;&nbsp;a dos hombres que se encontraban a bordo de una camioneta color blanco, de modelo reciente.<br \/>\nEl hecho se registr\u00f3 cerca de las instalaciones del jard\u00edn de ni\u00f1os Jos\u00e9 Vasconcelos, una de las v\u00edctimas muri\u00f3 en el lugar de los hechos, la otra cuando recib\u00eda la atenci\u00f3n m\u00e9dica correspondiente.<br \/>\nLas victimas estaban a bordo de la camioneta tipo Frontier, marca Nissan de color blanco, placas de circulaci\u00f3n MTB-20-28, del estado de Guerrero.<br \/>\nLa primer v\u00edctima, de acuerdo con la polic\u00eda, fue identificado como Margarito Pastor, de oficio taxista, en tanto que el segundo hombre atacado fue Oscar Trujillo, a quien se mencion\u00f3 como estudiante.<br \/>\n&nbsp;<\/p>\n","protected":false},"excerpt":{"rendered":"<p>Estaban a bordo de una camioneta, en la colonia Obrera Dos hombres fueron asesinados en la colonia Obrera, ubicada en el sector poniente de la capital de Guerrero. De acuerdo&hellip; <\/p>\n","protected":false},"author":1,"featured_media":0,"comment_status":"closed","ping_status":"closed","sticky":false,"template":"","format":"standard","meta":{"fifu_image_url":"","fifu_image_alt":"","footnotes":""},"categories":[8,27],"tags":[],"class_list":["post-6413","post","type-post","status-publish","format-standard","hentry","category-featured","category-seguridad-publica"],"_links":{"self":[{"href":"https:\/\/www.interaccionnoticias.com.mx\/index.php?rest_route=\/wp\/v2\/posts\/6413","targetHints":{"allow":["GET"]}}],"collection":[{"href":"https:\/\/www.interaccionnoticias.com.mx\/index.php?rest_route=\/wp\/v2\/posts"}],"about":[{"href":"https:\/\/www.interaccionnoticias.com.mx\/index.php?rest_route=\/wp\/v2\/types\/post"}],"author":[{"embeddable":true,"href":"https:\/\/www.interaccionnoticias.com.mx\/index.php?rest_route=\/wp\/v2\/users\/1"}],"replies":[{"embeddable":true,"href":"https:\/\/www.interaccionnoticias.com.mx\/index.php?rest_route=%2Fwp%2Fv2%2Fcomments&post=6413"}],"version-history":[{"count":0,"href":"https:\/\/www.interaccionnoticias.com.mx\/index.php?rest_route=\/wp\/v2\/posts\/6413\/revisions"}],"wp:attachment":[{"href":"https:\/\/www.interaccionnoticias.com.mx\/index.php?rest_route=%2Fwp%2Fv2%2Fmedia&parent=6413"}],"wp:term":[{"taxonomy":"category","embeddable":true,"href":"https:\/\/www.interaccionnoticias.com.mx\/index.php?rest_route=%2Fwp%2Fv2%2Fcategories&post=6413"},{"taxonomy":"post_tag","embeddable":true,"href":"https:\/\/www.interaccionnoticias.com.mx\/index.php?rest_route=%2Fwp%2Fv2%2Ftags&post=6413"}],"curies":[{"name":"wp","href":"https:\/\/api.w.org\/{rel}","templated":true}]}}