{"id":6387,"date":"2017-07-11T20:39:45","date_gmt":"2017-07-12T01:39:45","guid":{"rendered":"http:\/\/www.inter-accion.com.mx\/?p=6387"},"modified":"2017-07-11T20:39:45","modified_gmt":"2017-07-12T01:39:45","slug":"congreso-clama-por-justicia-y-orden-tras-la-masacre-en-el-penal-de-las-cruces","status":"publish","type":"post","link":"https:\/\/www.interaccionnoticias.com.mx\/?p=6387","title":{"rendered":"Congreso clama por justicia y orden, tras la masacre en el penal de Las Cruces"},"content":{"rendered":"<p><strong>Plantean la comparecencia del gabinete de seguridad&nbsp;&nbsp;&nbsp;&nbsp;&nbsp;<\/strong><br \/>\nA cinco d\u00edas del asesinato de 28 internos del &nbsp;penal de Las Cruces, de Acapulco, las fracciones parlamentarias del PRD y Movimiento Ciudadano solicitaron la comparecencia del secretario General de Gobierno, Florencio Salazar Adame, del secretario de Seguridad P\u00fablica, Pedro Almaz\u00e1n Cervantes, y del sub secretario del Sistema Penitenciario, Miguel \u00c1ngel Orihuela, para que expliquen la situaci\u00f3n de los Centros de Reinserci\u00f3n Social &nbsp;(CERESOS) de la entidad.&nbsp;<br \/>\nEn otra intervenci\u00f3n parlamentaria, la fracci\u00f3n del PRI conden\u00f3&nbsp; los hechos ocurridos en dicho CERESO y solicit\u00f3 que el secretario de Seguridad P\u00fablica, el Fiscal General del Estado, Xavier Olea Pel\u00e1ez, y el presidente del Tribunal Superior de Justicia, Alberto L\u00f3pez Celis, investiguen y castiguen a los responsables de la masacre.&nbsp;<br \/>\nLas fracciones del PRD y Movimiento Ciudadano presentaron puntos de acuerdo por separado para solicitar la comparecencia de los tres funcionarios, quienes dijeron, deben explicar las condiciones en las que operan los CERESOS del estado, as\u00ed como rendir un informe de los hechos ocurridos en el penal de Acapulco.<br \/>\n<strong>Carencia de autoridad<\/strong><br \/>\nLa coordinadora de la bancada del PRD, Erika Alcaraz Sosa, expuso que el multi homicidio de 28 reclusos mostr\u00f3 que hay una carencia de autoridad por parte de los funcionarios y guardias responsables de la c\u00e1rcel, la que desde hace varios a\u00f1os se ha mostrado como ingobernable, ya que en el se han registrado asesinatos, fugas, ri\u00f1as y motines.&nbsp;<br \/>\nRecord\u00f3 que en los \u00faltimos seis a\u00f1os han pasado trece directores por el&nbsp; CERESO de referencia. La mayor\u00eda han sido destituidos y est\u00e1n bajo&nbsp; investigaci\u00f3n; &nbsp;uno fue asesinado, y &nbsp;otro se encuentran pr\u00f3fugo, pero ninguno se encuentra en prisi\u00f3n por la comisi\u00f3n de il\u00edcitos.&nbsp;<br \/>\n\u201cLa masacre en el Penal de las Cruces solo es muestra de la opacidad y fractura de la promesa de orden y justicia que se prometi\u00f3 con este nuevo gobierno. El sistema penitenciario representa la punta de la crisis de justicia, pues representa el microcosmo de corrupci\u00f3n e impunidad que se transita desde la procuraci\u00f3n de justicia hasta la ejecuci\u00f3n de las penas\u201d, critic\u00f3 al presentar el punto de acuerdo.&nbsp;<br \/>\nLa bancada perredista consider\u00f3 necesaria la comparecencia de Pedro Almaz\u00e1n Cervantes, y Miguel \u00c1ngel Orihuela para que rindan un informe pormenorizado de los hechos que motivaron la ri\u00f1a acontecida el jueves pasado en el penal de Las Cruces, as\u00ed como de la situaci\u00f3n administrativa, jur\u00eddica y t\u00e9cnica que guardan los dem\u00e1s centros penitenciarios en la Entidad.&nbsp;<br \/>\n<strong>A cuentas, el gabinete de seguridad<\/strong><br \/>\nEl coordinador de la fracci\u00f3n de Movimiento Ciudadano (MC), Ricardo Mej\u00eda Berdeja, solicit\u00f3 que adem\u00e1s del secretario de Seguridad P\u00fablica comparezca el secretario General de Gobierno, Florencio Salazar Adame, quien dijo, tambi\u00e9n es responsable de los temas de seguridad p\u00fablica en la entidad.&nbsp;<br \/>\nEl legislador fundament\u00f3 que el 18 de agosto del 2016, la Comisi\u00f3n Nacional de los Derechos Humanos (CNDH) present\u00f3 el Informe 5\/2016 del Mecanismo Nacional de Prevenci\u00f3n de la Tortura sobre lugares de detenci\u00f3n e internamiento que dependen del gobierno estatal &nbsp;y de la Fiscal\u00eda General del Estado, en el cual se realiz\u00f3 un diagn\u00f3stico sobre la situaci\u00f3n de las personas que se encuentran en los lugares de detenci\u00f3n e internamiento en la entidad.<br \/>\nDijo que el informe indica que el gobierno del estado y la Fiscal\u00eda General son los responsables de garantizar el pleno derecho de las personas que se encuentran detenidas e internadas, con el fin de prevenir situaciones de riesgo que pueden derivar en tortura o maltrato a las personas.&nbsp;<br \/>\nEnfatiz\u00f3 en la importancia de la comparecencia del secretario General de Gobierno, quien dijo es autoridad en la materia y no puede elidir sus responsabilidades.&nbsp;<br \/>\nAmbas propuestas fueron turnadas a la Junta de Coordinaci\u00f3n Pol\u00edtica (JUPOCO) para su dictaminaci\u00f3n.&nbsp;<br \/>\nPor su parte, la bancada del PRI solicit\u00f3 que los titulares de la Secretar\u00eda de Seguridad P\u00fablica,&nbsp; de la Fiscal\u00eda General del Estado, y del Tribunal Superior de Justicia, investiguen y castiguen a los responsables del homicidio de 28 reclusos en el CERESO de Las Cruces, lo cual fue aprobado por unanimidad.&nbsp;<br \/>\nAdem\u00e1s, que la Comisi\u00f3n Ejecutiva Estatal de Atenci\u00f3n a V\u00edctimas brinde apoyo a los familiares de las reos que perdieron la vida en la masacre ocurrida la madrugada del pasado jueves.&nbsp;<br \/>\n\u201cQue dados los hechos violentos en el que perdieran la vida un n\u00famero considerable de personas internas del Centro de Reinserci\u00f3n Social de Acapulco, se hace necesario que la Comisi\u00f3n de Atenci\u00f3n a V\u00edctimas del estado de Guerrero (\u2026) proceda a la implementaci\u00f3n de las medidas de ayuda inmediata, asistencia y atenci\u00f3n, para que posteriormente, en tiempo y forma, proceda a la aplicaci\u00f3n de las medidas de reparaci\u00f3n integral a la que tuvieran derecho las v\u00edctimas\u201d, se\u00f1al\u00f3 el diputado Cuauht\u00e9moc Salgado al presentar el exhorto.&nbsp;<br \/>\nEl diputado del PT, Fredy Garc\u00eda Guevara, present\u00f3 una adici\u00f3n al punto de acuerdo&nbsp; propuesto por la bancada del PRI, para que el presidente de la Comisi\u00f3n Estatal de Derechos Humanos, Ram\u00f3n Navarrete Magdaleno, se avoque a realizar las quejas correspondientes y procedimientos contra servidores p\u00fablicos que hayan tenido responsabilidad en los hechos, la cual fue aprobada por unanimidad.&nbsp;&nbsp;<br \/>\n&nbsp;<\/p>\n","protected":false},"excerpt":{"rendered":"<p>Plantean la comparecencia del gabinete de seguridad&nbsp;&nbsp;&nbsp;&nbsp;&nbsp; A cinco d\u00edas del asesinato de 28 internos del &nbsp;penal de Las Cruces, de Acapulco, las fracciones parlamentarias del PRD y Movimiento Ciudadano&hellip; <\/p>\n","protected":false},"author":1,"featured_media":0,"comment_status":"closed","ping_status":"closed","sticky":false,"template":"","format":"standard","meta":{"fifu_image_url":"","fifu_image_alt":"","footnotes":""},"categories":[2,8],"tags":[],"class_list":["post-6387","post","type-post","status-publish","format-standard","hentry","category-congreso","category-featured"],"_links":{"self":[{"href":"https:\/\/www.interaccionnoticias.com.mx\/index.php?rest_route=\/wp\/v2\/posts\/6387","targetHints":{"allow":["GET"]}}],"collection":[{"href":"https:\/\/www.interaccionnoticias.com.mx\/index.php?rest_route=\/wp\/v2\/posts"}],"about":[{"href":"https:\/\/www.interaccionnoticias.com.mx\/index.php?rest_route=\/wp\/v2\/types\/post"}],"author":[{"embeddable":true,"href":"https:\/\/www.interaccionnoticias.com.mx\/index.php?rest_route=\/wp\/v2\/users\/1"}],"replies":[{"embeddable":true,"href":"https:\/\/www.interaccionnoticias.com.mx\/index.php?rest_route=%2Fwp%2Fv2%2Fcomments&post=6387"}],"version-history":[{"count":0,"href":"https:\/\/www.interaccionnoticias.com.mx\/index.php?rest_route=\/wp\/v2\/posts\/6387\/revisions"}],"wp:attachment":[{"href":"https:\/\/www.interaccionnoticias.com.mx\/index.php?rest_route=%2Fwp%2Fv2%2Fmedia&parent=6387"}],"wp:term":[{"taxonomy":"category","embeddable":true,"href":"https:\/\/www.interaccionnoticias.com.mx\/index.php?rest_route=%2Fwp%2Fv2%2Fcategories&post=6387"},{"taxonomy":"post_tag","embeddable":true,"href":"https:\/\/www.interaccionnoticias.com.mx\/index.php?rest_route=%2Fwp%2Fv2%2Ftags&post=6387"}],"curies":[{"name":"wp","href":"https:\/\/api.w.org\/{rel}","templated":true}]}}