{"id":6384,"date":"2017-07-11T19:14:25","date_gmt":"2017-07-12T00:14:25","guid":{"rendered":"http:\/\/www.inter-accion.com.mx\/?p=6384"},"modified":"2017-07-11T19:14:25","modified_gmt":"2017-07-12T00:14:25","slug":"titular-de-sedesol-da-por-concluida-la-capacitacion-a-300-voluntarias-de-comedores-comunitarios","status":"publish","type":"post","link":"https:\/\/www.interaccionnoticias.com.mx\/?p=6384","title":{"rendered":"Titular de Sedesol da por concluida la capacitaci\u00f3n a 300 voluntarias de comedores comunitarios"},"content":{"rendered":"<p><strong>Hay mil 200 operando en la entidad<\/strong><br \/>\nEn coordinaci\u00f3n con el gobierno estatal y la Secretar\u00eda de la Defensa Nacional (SEDENA), el titular de la Secretar\u00eda de Desarrollo Social (Sedesol), Luis Enrique Miranda Nava concluy\u00f3 la capacitaci\u00f3n a 300 voluntarias que trabajan para mil 200 comedores comunitarios, que desde 2013 funcionan en las siete regiones del estado.<br \/>\nEn las instalaciones del Sexto Batall\u00f3n de Ingenieros en el Combate a Desastres Naturales, el titular de Sedesol estuvo acompa\u00f1ado por el gobernador H\u00e9ctor Astudillo Flores, los alcaldes de Chilpancingo, Marco Antonio Leyva Mena y Jes\u00fas Parra Garc\u00eda de Chilapa, adem\u00e1s de delegados de dependencias federales.<br \/>\nEn las instalaciones de la 35 zona militar, se dio por concluida la capacitaci\u00f3n a 300 personas que participar\u00e1n en la reacci\u00f3n inmediata en caso de que se presenten contingencias naturales, cuando se ponga en marcha el plan DN-III-E.<br \/>\nEl gobernador H\u00e9ctor Astudillo Flores record\u00f3 que la operaci\u00f3n de los comedores comunitarios ha sido fundamental para que la poblaci\u00f3n civil supere momentos de crisis, pues surgieron durante los estragos provocados por los huracanes Ingrid y Manuel.<br \/>\nSi bien los comedores comunitarios est\u00e1n instalados en zonas urbanas, dijo que tambi\u00e9n funcionan en zonas de muy alta marginaci\u00f3n, lo que contribuye a paliar el problema que representa la pobreza extrema.<br \/>\nEn su intervenci\u00f3n, el secretario Miranda Nava hizo un reconocimiento al personal que colabora con la Sedesol, particularmente con las responsables de los comedores comunitarios<br \/>\nExplic\u00f3 que de los 3.5 millones de habitantes que tiene la entidad, de los que un mill\u00f3n 800 mil tienen la posibilidad de acudir a los comedores comunitarios, particularmente los que se encuentran en pobreza alimentaria.<br \/>\nCada a\u00f1o, Sedesol destina 13 mil millones de pesos para la atenci\u00f3n a las personas en pobreza alimentaria, parte importante de ellos en Guerrero.<br \/>\nA estas alturas, dijo que hay m\u00e1s de 5 mil 600 comedores comunitarios, los que operan con mujeres voluntarias que son capacitadas por personal del Ej\u00e9rcito Mexicano, de ah\u00ed la vinculaci\u00f3n que haya entre ambas dependencias del gobierno federal.<br \/>\n<strong><br \/>\n\u201cTe mato si no lo metes en un comercial\u201d<\/strong><br \/>\nEn su intervenci\u00f3n, el titular de Sedesol estableci\u00f3 un dialogo con la voluntaria Ema Prudenciano Pel\u00e1ez, a quien le solicit\u00f3 que relatara como se trabaja en un comedor comunitario.<br \/>\nCon expresi\u00f3n benevolente, la mujer hizo una relator\u00eda de c\u00f3mo se vive la rutina en el comedor que est\u00e1 bajo su responsabilidad.<br \/>\n\u201cNosotros preparamos los alimentos para las personas que son beneficiarias de nuestro comedor, trabajamos de seis de la ma\u00f1ana a seis de la tarde, tenemos 120 beneficiarios y en el desayuno servimos de nueva a once de la ma\u00f1ana, aunque a veces el horario se extiende hasta las dos de la tarde, por lo que ya no cerramos para la hora de la comida\u201d.<br \/>\nLa mujer dijo adem\u00e1s, que las voluntarias no siempre se van a las seis de la tarde, ya que por lo general deben quedarse una hora m\u00e1s para hacer el aseo.<br \/>\nAgreg\u00f3: \u201cpara nosotros es un orgullo cuando un ni\u00f1o sonr\u00ede porque le encant\u00f3 un alimento, pero tambi\u00e9n atendemos ancianitos que ya est\u00e1n solitos y no tienen quien los cuide, incluso llegan estudiantes de escasos recursos que con nosotros tienen el alimento que necesitan para llegar con energ\u00eda a sus escuelas\u201d.<br \/>\nEn esa parte, Miranda Nava tom\u00f3 el micr\u00f3fono, mir\u00f3 hacia el pres\u00eddium y le dijo a su responsable de imagen: \u201cTe mato si no metes esto en un comercial\u201d.<br \/>\nAunque el funcionario extern\u00f3 dicha frase en tono de broma, a parte de la concurrencia le pareci\u00f3 un comentario de mal gusto, por los altos niveles de criminalidad que se registran en&nbsp;&nbsp;la entidad.<\/p>\n","protected":false},"excerpt":{"rendered":"<p>Hay mil 200 operando en la entidad En coordinaci\u00f3n con el gobierno estatal y la Secretar\u00eda de la Defensa Nacional (SEDENA), el titular de la Secretar\u00eda de Desarrollo Social (Sedesol),&hellip; <\/p>\n","protected":false},"author":1,"featured_media":0,"comment_status":"closed","ping_status":"closed","sticky":false,"template":"","format":"standard","meta":{"fifu_image_url":"","fifu_image_alt":"","footnotes":""},"categories":[8,11],"tags":[],"class_list":["post-6384","post","type-post","status-publish","format-standard","hentry","category-featured","category-guerrero"],"_links":{"self":[{"href":"https:\/\/www.interaccionnoticias.com.mx\/index.php?rest_route=\/wp\/v2\/posts\/6384","targetHints":{"allow":["GET"]}}],"collection":[{"href":"https:\/\/www.interaccionnoticias.com.mx\/index.php?rest_route=\/wp\/v2\/posts"}],"about":[{"href":"https:\/\/www.interaccionnoticias.com.mx\/index.php?rest_route=\/wp\/v2\/types\/post"}],"author":[{"embeddable":true,"href":"https:\/\/www.interaccionnoticias.com.mx\/index.php?rest_route=\/wp\/v2\/users\/1"}],"replies":[{"embeddable":true,"href":"https:\/\/www.interaccionnoticias.com.mx\/index.php?rest_route=%2Fwp%2Fv2%2Fcomments&post=6384"}],"version-history":[{"count":0,"href":"https:\/\/www.interaccionnoticias.com.mx\/index.php?rest_route=\/wp\/v2\/posts\/6384\/revisions"}],"wp:attachment":[{"href":"https:\/\/www.interaccionnoticias.com.mx\/index.php?rest_route=%2Fwp%2Fv2%2Fmedia&parent=6384"}],"wp:term":[{"taxonomy":"category","embeddable":true,"href":"https:\/\/www.interaccionnoticias.com.mx\/index.php?rest_route=%2Fwp%2Fv2%2Fcategories&post=6384"},{"taxonomy":"post_tag","embeddable":true,"href":"https:\/\/www.interaccionnoticias.com.mx\/index.php?rest_route=%2Fwp%2Fv2%2Ftags&post=6384"}],"curies":[{"name":"wp","href":"https:\/\/api.w.org\/{rel}","templated":true}]}}