{"id":6373,"date":"2017-07-11T16:25:44","date_gmt":"2017-07-11T21:25:44","guid":{"rendered":"http:\/\/www.inter-accion.com.mx\/?p=6373"},"modified":"2017-07-11T16:25:44","modified_gmt":"2017-07-11T21:25:44","slug":"omite-astudillo-hablar-de-reos-fugados-y-mayor-numero-de-muertes-senala-dirigente-perredista","status":"publish","type":"post","link":"https:\/\/www.interaccionnoticias.com.mx\/?p=6373","title":{"rendered":"Omite Astudillo hablar de reos fugados y mayor n\u00famero de muertes, se\u00f1ala dirigente perredista"},"content":{"rendered":"<p>La secretaria general del Comit\u00e9 Ejecutivo Nacional del Partido de la Revoluci\u00f3n Democr\u00e1tica (PRD), Beatriz Mojica Morga exigi\u00f3 la destituci\u00f3n del titular de la Secretar\u00eda de Seguridad P\u00fablica (SSP), Pedro Almaz\u00e1n Cervantes, as\u00ed como del secretario de gobierno, Florencio Salazar Adame, luego de la muerte de 28 personas recluidas en el penal de Las Cruces de Acapulco.<br \/>\nAsimismo, acus\u00f3 al gobernador priista H\u00e9ctor Astudillo Flores por intentar \u201cminimizar\u201d la ri\u00f1a ocurrida el pasado 6 de julio al interior del penal, la cual dej\u00f3 como saldo 28 reclusos muertos<br \/>\nLa secretaria general, asegur\u00f3 que el gobierno estatal no ha dado una cifra exacta de los reos que perdieron la vida, as\u00ed como el n\u00famero de reclusos de alta peligrosidad que escaparon del penal.<br \/>\nEn una conferencia de prensa en la ciudad de M\u00e9xico, resalt\u00f3 que debe haber una investigaci\u00f3n exhaustiva a la cadena de mando en sistema de prevenci\u00f3n y readaptaci\u00f3n.<br \/>\nTanto como Salazar Adame y Almaz\u00e1n Cervantes, han sido llamados a comparecer ante el Congreso del Estado, para ofrecer informes de la situaci\u00f3n que guarda la entidad en el aspecto de seguridad.<br \/>\n\u201cEl origen de esta tragedia va m\u00e1s all\u00e1 de la responsabilidad de los custodios y el director del penal cesado, tiene que ver con la corrupci\u00f3n por acci\u00f3n o por omisi\u00f3n de los mandos superiores en los \u00f3rdenes de gobierno estatal\u201d, mencion\u00f3 Mojica Morga.<br \/>\nAl igual que la fracci\u00f3n parlamentaria del Movimiento Ciudadano, el PRD se sum\u00f3 a la exhorto de la Organizaci\u00f3n de las Naciones Unidas (ONU) en relaci\u00f3n a que el gobierno estatal esclarezca los hechos.<br \/>\nAdem\u00e1s que las autoridades den puntual atenci\u00f3n a la recomendaciones emitidas por la Comisi\u00f3n Nacional de Derechos Humanos (CNDH), en torno a garantizar la permanencia de los reclusos.<\/p>\n","protected":false},"excerpt":{"rendered":"<p>La secretaria general del Comit\u00e9 Ejecutivo Nacional del Partido de la Revoluci\u00f3n Democr\u00e1tica (PRD), Beatriz Mojica Morga exigi\u00f3 la destituci\u00f3n del titular de la Secretar\u00eda de Seguridad P\u00fablica (SSP), Pedro&hellip; <\/p>\n","protected":false},"author":1,"featured_media":0,"comment_status":"closed","ping_status":"closed","sticky":false,"template":"","format":"standard","meta":{"fifu_image_url":"","fifu_image_alt":"","footnotes":""},"categories":[8,18],"tags":[],"class_list":["post-6373","post","type-post","status-publish","format-standard","hentry","category-featured","category-partidos-politicos"],"_links":{"self":[{"href":"https:\/\/www.interaccionnoticias.com.mx\/index.php?rest_route=\/wp\/v2\/posts\/6373","targetHints":{"allow":["GET"]}}],"collection":[{"href":"https:\/\/www.interaccionnoticias.com.mx\/index.php?rest_route=\/wp\/v2\/posts"}],"about":[{"href":"https:\/\/www.interaccionnoticias.com.mx\/index.php?rest_route=\/wp\/v2\/types\/post"}],"author":[{"embeddable":true,"href":"https:\/\/www.interaccionnoticias.com.mx\/index.php?rest_route=\/wp\/v2\/users\/1"}],"replies":[{"embeddable":true,"href":"https:\/\/www.interaccionnoticias.com.mx\/index.php?rest_route=%2Fwp%2Fv2%2Fcomments&post=6373"}],"version-history":[{"count":0,"href":"https:\/\/www.interaccionnoticias.com.mx\/index.php?rest_route=\/wp\/v2\/posts\/6373\/revisions"}],"wp:attachment":[{"href":"https:\/\/www.interaccionnoticias.com.mx\/index.php?rest_route=%2Fwp%2Fv2%2Fmedia&parent=6373"}],"wp:term":[{"taxonomy":"category","embeddable":true,"href":"https:\/\/www.interaccionnoticias.com.mx\/index.php?rest_route=%2Fwp%2Fv2%2Fcategories&post=6373"},{"taxonomy":"post_tag","embeddable":true,"href":"https:\/\/www.interaccionnoticias.com.mx\/index.php?rest_route=%2Fwp%2Fv2%2Ftags&post=6373"}],"curies":[{"name":"wp","href":"https:\/\/api.w.org\/{rel}","templated":true}]}}