{"id":6357,"date":"2017-07-11T15:48:41","date_gmt":"2017-07-11T20:48:41","guid":{"rendered":"http:\/\/www.inter-accion.com.mx\/?p=6357"},"modified":"2017-07-11T15:48:41","modified_gmt":"2017-07-11T20:48:41","slug":"trasladan-a-13-reos-del-penal-de-las-cruces-de-acapulco","status":"publish","type":"post","link":"https:\/\/www.interaccionnoticias.com.mx\/?p=6357","title":{"rendered":"Trasladan a 13 reos del penal de las cruces de Acapulco"},"content":{"rendered":"<p>El Gobernador del estado de Guerrero H\u00e9ctor Astudillo Flores confirm\u00f3 el traslado de 13 reos del Centro de Readaptaci\u00f3n Social de las Cruces del municipio de Acapulco de la secci\u00f3n de m\u00e1xima seguridad hacia otros penales, tras registrase el asesinato de 28 reos el pasado jueves 6 de julio.<br \/>\nLa tarde de este martes en entrevista dentro de el Sexto Batall\u00f3n de Ingenieros en Combate, en el municipio de Chilpancingo, Astudillo Flores confirm\u00f3 que desde el pasado viernes 7 de junio hasta la fecha fue necesario el traslado de 13 reos hacia otros penales, para evitar el surgimiento de nuevos incidentes violentos dentro del CERESO.<br \/>\nAnte los rumores de la fuga de 20 reos del penal durante la masacre ocurrida la semana pasada, neg\u00f3 la existencia de tal incidente, asegurando que los reportes oficiales que se le han entrenado descartan completamente la posibilidad de alg\u00fan reo lograr\u00e1 escapar.<br \/>\nHasta la fecha solo han sido sujetos a proceso tres custodios acusados de coparticipaci\u00f3n, los cu\u00e1les enfrentan el proceso de investigaci\u00f3n en total libertad.<\/p>\n","protected":false},"excerpt":{"rendered":"<p>El Gobernador del estado de Guerrero H\u00e9ctor Astudillo Flores confirm\u00f3 el traslado de 13 reos del Centro de Readaptaci\u00f3n Social de las Cruces del municipio de Acapulco de la secci\u00f3n&hellip; <\/p>\n","protected":false},"author":1,"featured_media":0,"comment_status":"closed","ping_status":"closed","sticky":false,"template":"","format":"standard","meta":{"fifu_image_url":"","fifu_image_alt":"","footnotes":""},"categories":[8,27],"tags":[],"class_list":["post-6357","post","type-post","status-publish","format-standard","hentry","category-featured","category-seguridad-publica"],"_links":{"self":[{"href":"https:\/\/www.interaccionnoticias.com.mx\/index.php?rest_route=\/wp\/v2\/posts\/6357","targetHints":{"allow":["GET"]}}],"collection":[{"href":"https:\/\/www.interaccionnoticias.com.mx\/index.php?rest_route=\/wp\/v2\/posts"}],"about":[{"href":"https:\/\/www.interaccionnoticias.com.mx\/index.php?rest_route=\/wp\/v2\/types\/post"}],"author":[{"embeddable":true,"href":"https:\/\/www.interaccionnoticias.com.mx\/index.php?rest_route=\/wp\/v2\/users\/1"}],"replies":[{"embeddable":true,"href":"https:\/\/www.interaccionnoticias.com.mx\/index.php?rest_route=%2Fwp%2Fv2%2Fcomments&post=6357"}],"version-history":[{"count":0,"href":"https:\/\/www.interaccionnoticias.com.mx\/index.php?rest_route=\/wp\/v2\/posts\/6357\/revisions"}],"wp:attachment":[{"href":"https:\/\/www.interaccionnoticias.com.mx\/index.php?rest_route=%2Fwp%2Fv2%2Fmedia&parent=6357"}],"wp:term":[{"taxonomy":"category","embeddable":true,"href":"https:\/\/www.interaccionnoticias.com.mx\/index.php?rest_route=%2Fwp%2Fv2%2Fcategories&post=6357"},{"taxonomy":"post_tag","embeddable":true,"href":"https:\/\/www.interaccionnoticias.com.mx\/index.php?rest_route=%2Fwp%2Fv2%2Ftags&post=6357"}],"curies":[{"name":"wp","href":"https:\/\/api.w.org\/{rel}","templated":true}]}}