{"id":63545,"date":"2023-06-20T18:28:25","date_gmt":"2023-06-20T23:28:25","guid":{"rendered":"https:\/\/interaccionnoticias.com.mx\/?p=63545"},"modified":"2023-06-20T18:28:28","modified_gmt":"2023-06-20T23:28:28","slug":"convocan-diputados-locales-al-gobierno-del-estado-a-lograr-una-ley-general-de-movilidad-y-seguridd-vial","status":"publish","type":"post","link":"https:\/\/www.interaccionnoticias.com.mx\/?p=63545","title":{"rendered":"Convocan diputados locales al gobierno del estado a lograr una Ley General de Movilidad y Seguridd Vial"},"content":{"rendered":"\n<p><strong>Rosario Garc\u00eda Orozco<\/strong><\/p>\n\n\n\n<p><strong>Chilpancingo, Gro., 20 de junio del 2023.-<\/strong> Diputados integrantes de la Comisi\u00f3n de Transportes del Congreso Local, convocaron al gobierno del estado a trabajar en conjunto una agenda que les permita enriquecer las propuestas para crear la Ley de Movilidad y Seguridad Vial.<\/p>\n\n\n\n<p>El diputado Rafael Navarrete Quezada, presidente de la Comisi\u00f3n de Transportes presidi\u00f3 una reuni\u00f3n interinstitucional para exponer las dos iniciativas que hasta ahora han sido presentadas por legisladores del PRI y Morena para lograr una iniciativa integral de Movilidad y Seguridad Vial en Guerrero.<\/p>\n\n\n\n<p>Explic\u00f3 que el objetivo es trabajar una agenda conjunta rumbo a la creaci\u00f3n de un marco normativo sobre movilidad y seguridad vial en Guerrero, porque no se trata s\u00f3lo de un tema de transporte, sino que tambi\u00e9n involucran la competencia y acciones de las autoridades en materia de desarrollo urbano, de ordenamiento territorial, de protecci\u00f3n al medio ambiente, de salud y de seguridad p\u00fablica, por lo menos, en la planificaci\u00f3n del uso del territorio y una estructura vial segura, que proyecte a las ciudades y a los asentamientos humanos como inclusivos, seguros y sostenibles.<\/p>\n\n\n\n<p>Record\u00f3 que en el Congreso del Estado, se han recibido dos iniciativas al respecto, pero que ambas fueron canalizadas para consulta ciudadana, en virtud de que en Guerrero existen 46 municipios con 40 por ciento o m\u00e1s de poblaci\u00f3n ind\u00edgena y afromexicana.<\/p>\n\n\n\n<p>\u201cY toda vez que en las iniciativas de Ley de Movilidad y Seguridad Vial del Estado de Guerrero se prev\u00e9n medidas legislativas que inciden de manera directa en dichos pueblos y comunidades ind\u00edgenas y afromexicanas, es obligaci\u00f3n de este poder legislativo consultarlos para obtener su consentimiento o acuerdo e incorporar sus recomendaciones y propuestas que realicen. Solo de esta forma, se garantiza su libre determinaci\u00f3n, su autonom\u00eda, su desarrollo y su inclusi\u00f3n social\u201d, dijo.<\/p>\n\n\n\n<p>El priista calific\u00f3 como obsoleta la actual Ley en materia de Transporte, \u00aby vamos a aportar opiniones de transportistas, academicos, legisladores, funcionarios y presidentes municipales, para enriquecer la iniciativa\u00bb.<\/p>\n\n\n\n<p>El secretario de la Junta de Coordinaci\u00f3n Pol\u00edtica (Jucopo), H\u00e9ctor Apreza Patr\u00f3n, quien a la vez es promovente de la Ley de Movilidad y Seguridd Vial, mencion\u00f3 que esa iniciativa de ley podr\u00eda ser \u00abel parte aguas, una nueva forma de hacer trabajo legislativo que combina la coordinaci\u00f3n entre los poderes p\u00fablicos, pero sobre todo la participaci\u00f3n ciudadana\u00bb.<\/p>\n\n\n\n<p>\u201cNosotros lo hemos comentado mucho en esta legislatura, que se siga un proceso legislativo en el que tambi\u00e9n participe toda la ciudadan\u00eda, que participen los \u00f3rdenes de gobierno, y autoridades involucradas en la materia\u201d, recalc\u00f3.<\/p>\n\n\n\n<p>Se dijo satisfecho de que en la reuni\u00f3n se haya acordado sumar esfuerzos entre el gobierno del estado y el poder legislativo para realizar los foros regionales y la consulta ciudadana para esta iniciativa de movilidad, por lo que hizo un llamado para agilizar el proceso, para que se asignen recursos a fin de que las pol\u00edticas p\u00fablicas puedan estar aparejadas a una orientaci\u00f3n presupuestal.<\/p>\n\n\n\n<p>Mientras que la diputada Nora Yanek Vel\u00e1zquez, tambi\u00e9n promovente de la Ley de Movilidad y Seguridad Vial, reconoci\u00f3 la importancia de actualizar la normativa en comento para que los usuarios puedan desplazarse en condiciones de seguridad y en una relaci\u00f3n \u00f3ptima entre medio ambiente, espacio p\u00fablico e infraestructura; y agreg\u00f3 que el derecho humano de la movilidad no es un asunto privativo de ciertos sectores, sino con un impacto plural.<\/p>\n\n\n\n<p>Al respecto, la secretaria de Desarrollo Urbano, Obras P\u00fablicas y Ordenamiento Territorial, Irene Jim\u00e9nez Montiel reconoci\u00f3 que se requiere de la colaboraci\u00f3n conjunta entre los \u00f3rdenes de gobierno, y lament\u00f3 que en esa reuni\u00f3n no estuvieran presentes l\u00edderes de las organizaciones de transportistas, que son directamente involucrados.<\/p>\n\n\n\n<p>Como resultado de la reuni\u00f3n, se acord\u00f3 coordinar los foros regionales, para escuchar propuestas tambi\u00e9n de los municipios, en los que participar\u00e1n transportistas tambi\u00e9n y la aplicaci\u00f3n de la consulta para que con esos resultados la iniciativa pueda robustecerse y continuar su tr\u00e1mite legislativo.<\/p>\n","protected":false},"excerpt":{"rendered":"<p>Rosario Garc\u00eda Orozco Chilpancingo, Gro., 20 de junio del 2023.- Diputados integrantes de la Comisi\u00f3n de Transportes del Congreso Local, convocaron al gobierno del estado a trabajar en conjunto una&hellip; <\/p>\n","protected":false},"author":14,"featured_media":63543,"comment_status":"open","ping_status":"open","sticky":false,"template":"","format":"standard","meta":{"fifu_image_url":"","fifu_image_alt":"","footnotes":""},"categories":[2],"tags":[],"class_list":["post-63545","post","type-post","status-publish","format-standard","has-post-thumbnail","hentry","category-congreso"],"_links":{"self":[{"href":"https:\/\/www.interaccionnoticias.com.mx\/index.php?rest_route=\/wp\/v2\/posts\/63545","targetHints":{"allow":["GET"]}}],"collection":[{"href":"https:\/\/www.interaccionnoticias.com.mx\/index.php?rest_route=\/wp\/v2\/posts"}],"about":[{"href":"https:\/\/www.interaccionnoticias.com.mx\/index.php?rest_route=\/wp\/v2\/types\/post"}],"author":[{"embeddable":true,"href":"https:\/\/www.interaccionnoticias.com.mx\/index.php?rest_route=\/wp\/v2\/users\/14"}],"replies":[{"embeddable":true,"href":"https:\/\/www.interaccionnoticias.com.mx\/index.php?rest_route=%2Fwp%2Fv2%2Fcomments&post=63545"}],"version-history":[{"count":1,"href":"https:\/\/www.interaccionnoticias.com.mx\/index.php?rest_route=\/wp\/v2\/posts\/63545\/revisions"}],"predecessor-version":[{"id":63546,"href":"https:\/\/www.interaccionnoticias.com.mx\/index.php?rest_route=\/wp\/v2\/posts\/63545\/revisions\/63546"}],"wp:featuredmedia":[{"embeddable":true,"href":"https:\/\/www.interaccionnoticias.com.mx\/index.php?rest_route=\/wp\/v2\/media\/63543"}],"wp:attachment":[{"href":"https:\/\/www.interaccionnoticias.com.mx\/index.php?rest_route=%2Fwp%2Fv2%2Fmedia&parent=63545"}],"wp:term":[{"taxonomy":"category","embeddable":true,"href":"https:\/\/www.interaccionnoticias.com.mx\/index.php?rest_route=%2Fwp%2Fv2%2Fcategories&post=63545"},{"taxonomy":"post_tag","embeddable":true,"href":"https:\/\/www.interaccionnoticias.com.mx\/index.php?rest_route=%2Fwp%2Fv2%2Ftags&post=63545"}],"curies":[{"name":"wp","href":"https:\/\/api.w.org\/{rel}","templated":true}]}}