{"id":63446,"date":"2023-06-16T17:21:35","date_gmt":"2023-06-16T22:21:35","guid":{"rendered":"https:\/\/interaccionnoticias.com.mx\/?p=63446"},"modified":"2023-06-16T17:21:38","modified_gmt":"2023-06-16T22:21:38","slug":"madre-implora-por-informacion-de-su-hija-desaparecida","status":"publish","type":"post","link":"https:\/\/www.interaccionnoticias.com.mx\/?p=63446","title":{"rendered":"Madre implora por informaci\u00f3n de su hija desaparecida"},"content":{"rendered":"\n<p><em><strong>&#8212; Jaquel\u00edn Rodr\u00edguez, de 16 a\u00f1os, sali\u00f3 en la media noche del s\u00e1bado de su casa, en la colonia Victoria<\/strong><\/em><\/p>\n\n\n\n<p><strong>Rogelio Agust\u00edn<\/strong><\/p>\n\n\n\n<p>La se\u00f1ora Alejandra G\u00e1lvez Ignacio, madre de la menor de 16 a\u00f1os, Jaquel\u00edn Rodr\u00edguez G\u00e1lvez, quien se encuentra reportada como desaparecida solicit\u00f3 el apoyo de las autoridades para localizarla, ya que desconoce su paradero desde la madrugada del domingo 11 de junio.<\/p>\n\n\n\n<p>La ma\u00f1ana del viernes 16 de junio, la Fiscal\u00eda General del Estado (FGE) dio a conocer la ficha de b\u00fasqueda de Jaquel\u00edn, quien sali\u00f3 la media noche del s\u00e1bado, al parecer alentada por una persona con la que sostuvo comunicaci\u00f3n telef\u00f3nica y desde entonces desconoce su parader.<\/p>\n\n\n\n<p>De acuerdo con la ficha, la menor tiene 16 a\u00f1os de edad, su casa materna se ubica en la colona Victoria, en el sector oriente de la capital de Guerrero, de complexi\u00f3n regular, tex blanca, 1.70 de estatura, su cabello es corto y de color negro, cara ovalada y ojos de color caf\u00e9 oscuro.<\/p>\n\n\n\n<p>La se\u00f1ora G\u00e1lvez Ignacio este viernes busc\u00f3 el contacto con los medios de comunicaci\u00f3n, para se\u00f1alar que la denuncia fue presentada desde el domingo pasado ante la FGE, pero hasta el momento solo ha logrado que se emita la dicha de b\u00fasqueda.<\/p>\n\n\n\n<p>Manifest\u00f3 que es evidente que hay personas involucradas en la desaparici\u00f3n de su hija, ya que se sali\u00f3 de su domicilio en la media noche y se llev\u00f3 toda su documentaci\u00f3n personal, incluso el certificado que la cl\u00ednica otorg\u00f3 el d\u00eda que naci\u00f3.<\/p>\n\n\n\n<p>\u201cA quienes la tengan les pido que se compadezcan y que me llamen, si ella escucha lo que digo, tambi\u00e9n le pido que se comunique\u201d, dijo la madre de familia.<\/p>\n\n\n\n<p>Indic\u00f3 que hay la sospecha de que alguien manipul\u00f3 a Jaquel\u00edn, por el registro de llamadas que quedaron en el tel\u00e9fono de su casa.<\/p>\n\n\n\n<p>La menor no estudiaba ni trabajaba, aunque no ten\u00eda problemas s con ella, la mam\u00e1 refiere que se percat\u00f3 de que ten\u00eda mucha comunicaci\u00f3n con personas extra\u00f1as.<\/p>\n\n\n\n<figure class=\"wp-block-gallery has-nested-images columns-default is-cropped wp-block-gallery-1 is-layout-flex wp-block-gallery-is-layout-flex\">\n<figure class=\"wp-block-image size-large\"><img decoding=\"async\" src=\"data:image\/gif;base64,R0lGODlhAQABAIAAAAAAAP\/\/\/ywAAAAAAQABAAACAUwAOw==\" fifu-lazy=\"1\" fifu-data-sizes=\"auto\" fifu-data-srcset=\"https:\/\/i0.wp.com\/interaccionnoticias.com.mx\/wp-content\/uploads\/2023\/06\/230616-Jaquelin-Rodriguez.jpg?ssl=1&w=75&resize=75&ssl=1 75w, https:\/\/i0.wp.com\/interaccionnoticias.com.mx\/wp-content\/uploads\/2023\/06\/230616-Jaquelin-Rodriguez.jpg?ssl=1&w=100&resize=100&ssl=1 100w, https:\/\/i0.wp.com\/interaccionnoticias.com.mx\/wp-content\/uploads\/2023\/06\/230616-Jaquelin-Rodriguez.jpg?ssl=1&w=150&resize=150&ssl=1 150w, https:\/\/i0.wp.com\/interaccionnoticias.com.mx\/wp-content\/uploads\/2023\/06\/230616-Jaquelin-Rodriguez.jpg?ssl=1&w=240&resize=240&ssl=1 240w, https:\/\/i0.wp.com\/interaccionnoticias.com.mx\/wp-content\/uploads\/2023\/06\/230616-Jaquelin-Rodriguez.jpg?ssl=1&w=320&resize=320&ssl=1 320w, https:\/\/i0.wp.com\/interaccionnoticias.com.mx\/wp-content\/uploads\/2023\/06\/230616-Jaquelin-Rodriguez.jpg?ssl=1&w=500&resize=500&ssl=1 500w, https:\/\/i0.wp.com\/interaccionnoticias.com.mx\/wp-content\/uploads\/2023\/06\/230616-Jaquelin-Rodriguez.jpg?ssl=1&w=640&resize=640&ssl=1 640w, https:\/\/i0.wp.com\/interaccionnoticias.com.mx\/wp-content\/uploads\/2023\/06\/230616-Jaquelin-Rodriguez.jpg?ssl=1&w=800&resize=800&ssl=1 800w, https:\/\/i0.wp.com\/interaccionnoticias.com.mx\/wp-content\/uploads\/2023\/06\/230616-Jaquelin-Rodriguez.jpg?ssl=1&w=1024&resize=1024&ssl=1 1024w, https:\/\/i0.wp.com\/interaccionnoticias.com.mx\/wp-content\/uploads\/2023\/06\/230616-Jaquelin-Rodriguez.jpg?ssl=1&w=1280&resize=1280&ssl=1 1280w, https:\/\/i0.wp.com\/interaccionnoticias.com.mx\/wp-content\/uploads\/2023\/06\/230616-Jaquelin-Rodriguez.jpg?ssl=1&w=1600&resize=1600&ssl=1 1600w\" data-id=\"63447\" fifu-data-src=\"https:\/\/i0.wp.com\/interaccionnoticias.com.mx\/wp-content\/uploads\/2023\/06\/230616-Jaquelin-Rodriguez.jpg?ssl=1\" alt=\"\" class=\"wp-image-63447\"\/><\/figure>\n<\/figure>\n","protected":false},"excerpt":{"rendered":"<p>&#8212; Jaquel\u00edn Rodr\u00edguez, de 16 a\u00f1os, sali\u00f3 en la media noche del s\u00e1bado de su casa, en la colonia Victoria Rogelio Agust\u00edn La se\u00f1ora Alejandra G\u00e1lvez Ignacio, madre de la&hellip; <\/p>\n","protected":false},"author":21,"featured_media":63448,"comment_status":"open","ping_status":"open","sticky":false,"template":"","format":"standard","meta":{"fifu_image_url":"","fifu_image_alt":"","footnotes":""},"categories":[29],"tags":[],"class_list":["post-63446","post","type-post","status-publish","format-standard","has-post-thumbnail","hentry","category-sociedad"],"_links":{"self":[{"href":"https:\/\/www.interaccionnoticias.com.mx\/index.php?rest_route=\/wp\/v2\/posts\/63446","targetHints":{"allow":["GET"]}}],"collection":[{"href":"https:\/\/www.interaccionnoticias.com.mx\/index.php?rest_route=\/wp\/v2\/posts"}],"about":[{"href":"https:\/\/www.interaccionnoticias.com.mx\/index.php?rest_route=\/wp\/v2\/types\/post"}],"author":[{"embeddable":true,"href":"https:\/\/www.interaccionnoticias.com.mx\/index.php?rest_route=\/wp\/v2\/users\/21"}],"replies":[{"embeddable":true,"href":"https:\/\/www.interaccionnoticias.com.mx\/index.php?rest_route=%2Fwp%2Fv2%2Fcomments&post=63446"}],"version-history":[{"count":1,"href":"https:\/\/www.interaccionnoticias.com.mx\/index.php?rest_route=\/wp\/v2\/posts\/63446\/revisions"}],"predecessor-version":[{"id":63449,"href":"https:\/\/www.interaccionnoticias.com.mx\/index.php?rest_route=\/wp\/v2\/posts\/63446\/revisions\/63449"}],"wp:featuredmedia":[{"embeddable":true,"href":"https:\/\/www.interaccionnoticias.com.mx\/index.php?rest_route=\/wp\/v2\/media\/63448"}],"wp:attachment":[{"href":"https:\/\/www.interaccionnoticias.com.mx\/index.php?rest_route=%2Fwp%2Fv2%2Fmedia&parent=63446"}],"wp:term":[{"taxonomy":"category","embeddable":true,"href":"https:\/\/www.interaccionnoticias.com.mx\/index.php?rest_route=%2Fwp%2Fv2%2Fcategories&post=63446"},{"taxonomy":"post_tag","embeddable":true,"href":"https:\/\/www.interaccionnoticias.com.mx\/index.php?rest_route=%2Fwp%2Fv2%2Ftags&post=63446"}],"curies":[{"name":"wp","href":"https:\/\/api.w.org\/{rel}","templated":true}]}}