{"id":63032,"date":"2023-06-07T14:11:22","date_gmt":"2023-06-07T19:11:22","guid":{"rendered":"https:\/\/interaccionnoticias.com.mx\/?p=63032"},"modified":"2023-06-07T14:11:25","modified_gmt":"2023-06-07T19:11:25","slug":"los-profesores-que-no-presenten-su-declaracion-patrimonial-pueden-perder-sus-plazas-advierte-la-sctg","status":"publish","type":"post","link":"https:\/\/www.interaccionnoticias.com.mx\/?p=63032","title":{"rendered":"Los profesores que no presenten su declaraci\u00f3n patrimonial pueden perder sus plazas, advierte la SCTG"},"content":{"rendered":"\n<p><em><strong>Se trata de una obligaci\u00f3n legal, no un acto de voluntad<\/strong><\/em><\/p>\n\n\n\n<p><strong>Rogelio Agust\u00edn<\/strong><\/p>\n\n\n\n<p>La Secretar\u00eda de Contralor\u00eda y Transparencia Gubernamental de Guerrero, advirti\u00f3 que los funcionarios que no cumplan con la presentaci\u00f3n de su declaraci\u00f3n patrimonial ser\u00e1n destituidos de sus cargos, mientras que los profesores que mantenga la postura de no cumplir con lo dispuesto en la ley, tambi\u00e9n est\u00e1n en peligro de perder sus plazas.<\/p>\n\n\n\n<p>De acuerdo con la Ley de Responsabilidades de los Servidores P\u00fablicos vigente en la entidad, el periodo para rendir la declaraci\u00f3n patrimonial tuvo un periodo inicial del 1 al 31 de mayo.<\/p>\n\n\n\n<p>Sin embargo, derivado de la cantidad de servidores p\u00fablicos que acudieron y los que todav\u00eda se encuentran a la espera, la SCTG decidi\u00f3 ampliar dos semanas m\u00e1s el periodo, de tal suerte que las declaraciones patrimoniales pueden presentarse hasta el 14 de junio.<\/p>\n\n\n\n<p>Sa\u00fal Montufar Mendoza, subsecretario de Normatividad Jur\u00eddica de la SCTG precis\u00f3 que la presentaci\u00f3n de la declaraci\u00f3n patrimonial no es algo opcional, pues en la ley se establece claramente se que se trata de una responsabilidad de los servidores p\u00fablicos que se debe presentar cada a\u00f1o.<\/p>\n\n\n\n<p>Para que los interesados puedan cumplir, destac\u00f3 que se est\u00e1 trabajando incluso los fines de semana, para efecto de no alterar las rutinas de los trabajadores.<\/p>\n\n\n\n<p>En el caso del magisterio, la Coordinadora Estatal de Trabajadores de la Educaci\u00f3n del Estado de Guerrero (CETEG) se dio a la tarea de realizar un trabajo de brigadeo en las siete regiones de la entidad, para llamar a sus bases a no presentar la declaraci\u00f3n patrimonial, pues la consideran violatoria de sus derechos.<\/p>\n\n\n\n<p>El funcionario se\u00f1al\u00f3 que para despejar dudas y atender las inquietudes de los profesores, la SCTG decidi\u00f3 instalar un m\u00f3dulo de atenci\u00f3n en el \u00f3rgano de control interno de la Secretar\u00eda de Educaci\u00f3n Guerrero (SEG).<\/p>\n\n\n\n<p>Montufar Mendoza consider\u00f3 importante que todos los servidores p\u00fablicos que est\u00e1n considerados en la ley, tengan la certeza de que la declaraci\u00f3n patrimonial es una obligaci\u00f3n, no un acto de voluntad.<\/p>\n\n\n\n<p>Y advierte: \u201cHay consecuencias son para todos los que no cumplan\u201d.<\/p>\n\n\n\n<p>Explic\u00f3 que en el articulo 33 de la Ley de Responsabilidades de los Servidores P\u00fablicos, se anota claramente que aquel que no cumpla primero recibir\u00e1 un oficio de requerimiento para que lo haga.<\/p>\n\n\n\n<p>Si el incumplimiento persiste, lo que sigue es el inicio de un procedimiento administrativo, en donde se les hace notar cual es la falta en la que se incurre.<\/p>\n\n\n\n<p>En un tercer momento, si la negativa prevalece, entonces ya se procede a ordenar la destituci\u00f3n.<\/p>\n\n\n\n<p>\u201cLos funcionarios pierden el cargo, los maestros efectivamente, est\u00e1n ante el riesgo de perder sus plazas\u201d, apunt\u00f3.<\/p>\n","protected":false},"excerpt":{"rendered":"<p>Se trata de una obligaci\u00f3n legal, no un acto de voluntad Rogelio Agust\u00edn La Secretar\u00eda de Contralor\u00eda y Transparencia Gubernamental de Guerrero, advirti\u00f3 que los funcionarios que no cumplan con&hellip; <\/p>\n","protected":false},"author":21,"featured_media":63033,"comment_status":"open","ping_status":"open","sticky":false,"template":"","format":"standard","meta":{"fifu_image_url":"","fifu_image_alt":"","footnotes":""},"categories":[6],"tags":[],"class_list":["post-63032","post","type-post","status-publish","format-standard","has-post-thumbnail","hentry","category-educacion"],"_links":{"self":[{"href":"https:\/\/www.interaccionnoticias.com.mx\/index.php?rest_route=\/wp\/v2\/posts\/63032","targetHints":{"allow":["GET"]}}],"collection":[{"href":"https:\/\/www.interaccionnoticias.com.mx\/index.php?rest_route=\/wp\/v2\/posts"}],"about":[{"href":"https:\/\/www.interaccionnoticias.com.mx\/index.php?rest_route=\/wp\/v2\/types\/post"}],"author":[{"embeddable":true,"href":"https:\/\/www.interaccionnoticias.com.mx\/index.php?rest_route=\/wp\/v2\/users\/21"}],"replies":[{"embeddable":true,"href":"https:\/\/www.interaccionnoticias.com.mx\/index.php?rest_route=%2Fwp%2Fv2%2Fcomments&post=63032"}],"version-history":[{"count":1,"href":"https:\/\/www.interaccionnoticias.com.mx\/index.php?rest_route=\/wp\/v2\/posts\/63032\/revisions"}],"predecessor-version":[{"id":63034,"href":"https:\/\/www.interaccionnoticias.com.mx\/index.php?rest_route=\/wp\/v2\/posts\/63032\/revisions\/63034"}],"wp:featuredmedia":[{"embeddable":true,"href":"https:\/\/www.interaccionnoticias.com.mx\/index.php?rest_route=\/wp\/v2\/media\/63033"}],"wp:attachment":[{"href":"https:\/\/www.interaccionnoticias.com.mx\/index.php?rest_route=%2Fwp%2Fv2%2Fmedia&parent=63032"}],"wp:term":[{"taxonomy":"category","embeddable":true,"href":"https:\/\/www.interaccionnoticias.com.mx\/index.php?rest_route=%2Fwp%2Fv2%2Fcategories&post=63032"},{"taxonomy":"post_tag","embeddable":true,"href":"https:\/\/www.interaccionnoticias.com.mx\/index.php?rest_route=%2Fwp%2Fv2%2Ftags&post=63032"}],"curies":[{"name":"wp","href":"https:\/\/api.w.org\/{rel}","templated":true}]}}