{"id":63019,"date":"2023-06-06T21:04:36","date_gmt":"2023-06-07T02:04:36","guid":{"rendered":"https:\/\/interaccionnoticias.com.mx\/?p=63019"},"modified":"2023-06-06T21:04:38","modified_gmt":"2023-06-07T02:04:38","slug":"tribunal-universitario-desecha-impugnacion-contra-la-eleccion-de-rector-en-la-uagro","status":"publish","type":"post","link":"https:\/\/www.interaccionnoticias.com.mx\/?p=63019","title":{"rendered":"Tribunal Universitario desecha impugnaci\u00f3n contra la elecci\u00f3n de rector en la UAGro"},"content":{"rendered":"\n<p><em><strong>&#8212; En sesi\u00f3n extraordinaria, el Consejo Universitario (CU) ratifica el triunfo del candidato \u00fanico, Javier Salda\u00f1a Almaz\u00e1n<\/strong><\/em><\/p>\n\n\n\n<p><strong>Rogelio Agust\u00edn<\/strong><\/p>\n\n\n\n<p>De manera un\u00e1nime, elConsejo Universitario de la Universidad Aut\u00f3noma de Guerrero (UAGro) declar\u00f3 infundado e improcedente el recurso de inconformidad que interpusieron ante el Tribunal Universitario los opositores Silvia Alem\u00e1n Mundo y Jorge Luis Uri\u00f3stegui Train, con lo que trataban de anular la calificaci\u00f3n y validez de la elecci\u00f3n de rector, en la que el doctor Javier Salda\u00f1a Almaz\u00e1n contendi\u00f3 como candidato \u00fanico.<\/p>\n\n\n\n<p>Los magistrados del Tribunal Universtario establecieron que no hubo fundamentos legales, ni se presentaron pruebas suficientes para probar sus dichos.<\/p>\n\n\n\n<p>En la sesi\u00f3n extraordinaria que se desarroll\u00f3 la jornada del lunes participaron 169 consejeros universitarios.<\/p>\n\n\n\n<p>En el dictamen presentado ante el pleno, los magistrados se\u00f1alan que Silvia Alem\u00e1n y Jorge Luis Uri\u00f3stegui no fueron registrados como candidatos a la retor\u00eda, porque incumplieron con el requisito de contar con el reconocimiento acad\u00e9mico de por lo menos menos 25 consejeros universitarios o 93 consejeros de Unidades Acad\u00e9micas.<\/p>\n\n\n\n<p>La magistrada Rosal\u00eda Pastor Dur\u00e1n, expuso ante el Consejo Universitario que los interesados no presentaron en tiempo y forma el recurso de impugnaci\u00f3n establecido en la convocatoria, 24 horas despu\u00e9s del registro.<\/p>\n\n\n\n<p>Al no ser candidatos legalmente registrados y no haber impugnado en tiempo, dijo que los inconformes no tienen legitimaci\u00f3n para interponer un recurso de inconformidad \u201cel cual exige como requisito que solo quienes hayan sido registrados como candidatos leg\u00edtimos pueden ejercer derechos de impugnaci\u00f3n\u201d.<\/p>\n\n\n\n<p>A\u00fan as\u00ed, dijo que los integrantes del Tribunal entraron a la revisi\u00f3n de la impugnaci\u00f3n.<\/p>\n\n\n\n<p>El \u00f3rgano colegiado ratific\u00f3 que la elegibilidad de Javier Salda\u00f1a Almaz\u00e1n es leg\u00edtima, ya qu no viola la actual Ley Org\u00e1nica de la UAGro, \u201cque establece la reelecci\u00f3n del rector por un periodo\u201d.<\/p>\n\n\n\n<p>Pastor Dur\u00e1n record\u00f3 que cuando Salda\u00f1a Almaz\u00e1n ocup\u00f3 su primera administraci\u00f3n, en 2013, lo hizo con la Ley Org\u00e1nica n\u00famero 342, publicada en el 2001, que no establec\u00eda la reelecci\u00f3n; mientras que su segundo periodo, el del 2017, lo hizo ya con la nueva ley n\u00famero 178, publicada el 5 de abril de 2016, es decir que la antigua ley perdi\u00f3 su vigencia y la figura de la reelecci\u00f3n del cargo cobr\u00f3 validez a partir del 6 de abril de 2016.<\/p>\n\n\n\n<p>Otro recurso sin validez que fue desechado, fue el que mencional que se violo a la paridad y que se cometi\u00f3 violencia pol\u00edtica en raz\u00f3n de g\u00e9nero.<\/p>\n\n\n\n<p>Indic\u00f3 que: \u201cLa convocatoria no excluy\u00f3 la participaci\u00f3n de mujeres u hombres en la elecci\u00f3n del rector y en ning\u00fan momento se advierte la falta de reglas claras\u201d, por lo que resulta infundada su solicitud debido a que las bases de la convocatoria s\u00ed estuvieron dirigidas tanto a hombres como mujeres que desearan participar, con requisitos homog\u00e9neos para ambos g\u00e9neros\u201d.<\/p>\n\n\n\n<p>Tambi\u00e9n se desech\u00f3 la queja de supuestos rebases en los topes de campa\u00f1a, debido a que los inconformes no presentaron pruebas en la que se sustentara su aseveraci\u00f3n, \u201csu inconformidad se limit\u00f3 solo a palabras, pero no en hechos\u201d.<\/p>\n\n\n\n<p>Respecto a que no hunolimpieza y transparencia en la jornada electora, adem\u00e1s de que no se permiti\u00f3 la participaci\u00f3n a m\u00e1s candidatos, el Tribunal resp\u00f2ndi\u00f3 que el primer agravio fue desechado por nulidad de pruebas y en el segundo, porque se comprob\u00f3 que la convocatoria s\u00ed estableci\u00f3 reglas y requerimientos que no limitaba la participaci\u00f3n de los aspirantes.<\/p>\n\n\n\n<p>Los ex aspirantes hicieron uso de la palabra a trav\u00e9s de su abogado, Rub\u00e9n Cayetano Garc\u00eda, a quien se se\u00f1ala que se le permiti\u00f3 hablar ante el pleno para que expusiera sus razonamientos.<\/p>\n\n\n\n<p>Luego, los consejeros universitarios tambi\u00e9n expusieron sus puntos de vista, para finalmente someter a votaci\u00f3n el dictamen.<\/p>\n\n\n\n<p>El resultado fue que se aprob\u00f3 por unanimidad desechar por improcedentes las quejas de los ex aspirantes y declarar v\u00e1lido el proceso electoral para elegir rector, en el periodo comprendido del 27 de septiembre 2023 al 27 de septiembre de 2027.<\/p>\n\n\n\n<p>El unico participante fue el doctor Javier Salda\u00f1a Almaz\u00e1n, quien tomar\u00e1 protesta en septiembre pr\u00f3ximo.<\/p>\n\n\n\n<div class=\"wp-block-jetpack-slideshow aligncenter\" data-effect=\"slide\"><div class=\"wp-block-jetpack-slideshow_container swiper-container\"><ul class=\"wp-block-jetpack-slideshow_swiper-wrapper swiper-wrapper\"><li class=\"wp-block-jetpack-slideshow_slide swiper-slide\"><figure><img decoding=\"async\" src=\"data:image\/gif;base64,R0lGODlhAQABAIAAAAAAAP\/\/\/ywAAAAAAQABAAACAUwAOw==\" fifu-lazy=\"1\" fifu-data-sizes=\"auto\" fifu-data-srcset=\"https:\/\/i0.wp.com\/interaccionnoticias.com.mx\/wp-content\/uploads\/2023\/06\/230606-Consejo-Universitario-1-1024x683.jpg?ssl=1&w=75&resize=75&ssl=1 75w, https:\/\/i0.wp.com\/interaccionnoticias.com.mx\/wp-content\/uploads\/2023\/06\/230606-Consejo-Universitario-1-1024x683.jpg?ssl=1&w=100&resize=100&ssl=1 100w, https:\/\/i0.wp.com\/interaccionnoticias.com.mx\/wp-content\/uploads\/2023\/06\/230606-Consejo-Universitario-1-1024x683.jpg?ssl=1&w=150&resize=150&ssl=1 150w, https:\/\/i0.wp.com\/interaccionnoticias.com.mx\/wp-content\/uploads\/2023\/06\/230606-Consejo-Universitario-1-1024x683.jpg?ssl=1&w=240&resize=240&ssl=1 240w, https:\/\/i0.wp.com\/interaccionnoticias.com.mx\/wp-content\/uploads\/2023\/06\/230606-Consejo-Universitario-1-1024x683.jpg?ssl=1&w=320&resize=320&ssl=1 320w, https:\/\/i0.wp.com\/interaccionnoticias.com.mx\/wp-content\/uploads\/2023\/06\/230606-Consejo-Universitario-1-1024x683.jpg?ssl=1&w=500&resize=500&ssl=1 500w, https:\/\/i0.wp.com\/interaccionnoticias.com.mx\/wp-content\/uploads\/2023\/06\/230606-Consejo-Universitario-1-1024x683.jpg?ssl=1&w=640&resize=640&ssl=1 640w, https:\/\/i0.wp.com\/interaccionnoticias.com.mx\/wp-content\/uploads\/2023\/06\/230606-Consejo-Universitario-1-1024x683.jpg?ssl=1&w=800&resize=800&ssl=1 800w, https:\/\/i0.wp.com\/interaccionnoticias.com.mx\/wp-content\/uploads\/2023\/06\/230606-Consejo-Universitario-1-1024x683.jpg?ssl=1&w=1024&resize=1024&ssl=1 1024w, https:\/\/i0.wp.com\/interaccionnoticias.com.mx\/wp-content\/uploads\/2023\/06\/230606-Consejo-Universitario-1-1024x683.jpg?ssl=1&w=1280&resize=1280&ssl=1 1280w, https:\/\/i0.wp.com\/interaccionnoticias.com.mx\/wp-content\/uploads\/2023\/06\/230606-Consejo-Universitario-1-1024x683.jpg?ssl=1&w=1600&resize=1600&ssl=1 1600w\" alt=\"\" class=\"wp-block-jetpack-slideshow_image wp-image-63020\" data-id=\"63020\" fifu-data-src=\"https:\/\/i0.wp.com\/interaccionnoticias.com.mx\/wp-content\/uploads\/2023\/06\/230606-Consejo-Universitario-1-1024x683.jpg?ssl=1\"\/><\/figure><\/li><li class=\"wp-block-jetpack-slideshow_slide swiper-slide\"><figure><img decoding=\"async\" src=\"data:image\/gif;base64,R0lGODlhAQABAIAAAAAAAP\/\/\/ywAAAAAAQABAAACAUwAOw==\" fifu-lazy=\"1\" fifu-data-sizes=\"auto\" fifu-data-srcset=\"https:\/\/i3.wp.com\/interaccionnoticias.com.mx\/wp-content\/uploads\/2023\/06\/230606-Consejo-Universitario-2-1024x683.jpg?ssl=1&w=75&resize=75&ssl=1 75w, https:\/\/i3.wp.com\/interaccionnoticias.com.mx\/wp-content\/uploads\/2023\/06\/230606-Consejo-Universitario-2-1024x683.jpg?ssl=1&w=100&resize=100&ssl=1 100w, https:\/\/i3.wp.com\/interaccionnoticias.com.mx\/wp-content\/uploads\/2023\/06\/230606-Consejo-Universitario-2-1024x683.jpg?ssl=1&w=150&resize=150&ssl=1 150w, https:\/\/i3.wp.com\/interaccionnoticias.com.mx\/wp-content\/uploads\/2023\/06\/230606-Consejo-Universitario-2-1024x683.jpg?ssl=1&w=240&resize=240&ssl=1 240w, https:\/\/i3.wp.com\/interaccionnoticias.com.mx\/wp-content\/uploads\/2023\/06\/230606-Consejo-Universitario-2-1024x683.jpg?ssl=1&w=320&resize=320&ssl=1 320w, https:\/\/i3.wp.com\/interaccionnoticias.com.mx\/wp-content\/uploads\/2023\/06\/230606-Consejo-Universitario-2-1024x683.jpg?ssl=1&w=500&resize=500&ssl=1 500w, https:\/\/i3.wp.com\/interaccionnoticias.com.mx\/wp-content\/uploads\/2023\/06\/230606-Consejo-Universitario-2-1024x683.jpg?ssl=1&w=640&resize=640&ssl=1 640w, https:\/\/i3.wp.com\/interaccionnoticias.com.mx\/wp-content\/uploads\/2023\/06\/230606-Consejo-Universitario-2-1024x683.jpg?ssl=1&w=800&resize=800&ssl=1 800w, https:\/\/i3.wp.com\/interaccionnoticias.com.mx\/wp-content\/uploads\/2023\/06\/230606-Consejo-Universitario-2-1024x683.jpg?ssl=1&w=1024&resize=1024&ssl=1 1024w, https:\/\/i3.wp.com\/interaccionnoticias.com.mx\/wp-content\/uploads\/2023\/06\/230606-Consejo-Universitario-2-1024x683.jpg?ssl=1&w=1280&resize=1280&ssl=1 1280w, https:\/\/i3.wp.com\/interaccionnoticias.com.mx\/wp-content\/uploads\/2023\/06\/230606-Consejo-Universitario-2-1024x683.jpg?ssl=1&w=1600&resize=1600&ssl=1 1600w\" alt=\"\" class=\"wp-block-jetpack-slideshow_image wp-image-63021\" data-id=\"63021\" fifu-data-src=\"https:\/\/i3.wp.com\/interaccionnoticias.com.mx\/wp-content\/uploads\/2023\/06\/230606-Consejo-Universitario-2-1024x683.jpg?ssl=1\"\/><\/figure><\/li><\/ul><a class=\"wp-block-jetpack-slideshow_button-prev swiper-button-prev swiper-button-white\" role=\"button\"><\/a><a class=\"wp-block-jetpack-slideshow_button-next swiper-button-next swiper-button-white\" role=\"button\"><\/a><a aria-label=\"Pause Slideshow\" class=\"wp-block-jetpack-slideshow_button-pause\" role=\"button\"><\/a><div class=\"wp-block-jetpack-slideshow_pagination swiper-pagination swiper-pagination-white\"><\/div><\/div><\/div>\n","protected":false},"excerpt":{"rendered":"<p>&#8212; En sesi\u00f3n extraordinaria, el Consejo Universitario (CU) ratifica el triunfo del candidato \u00fanico, Javier Salda\u00f1a Almaz\u00e1n Rogelio Agust\u00edn De manera un\u00e1nime, elConsejo Universitario de la Universidad Aut\u00f3noma de Guerrero&hellip; <\/p>\n","protected":false},"author":21,"featured_media":63021,"comment_status":"open","ping_status":"open","sticky":false,"template":"","format":"standard","meta":{"fifu_image_url":"","fifu_image_alt":"","footnotes":""},"categories":[30],"tags":[],"class_list":["post-63019","post","type-post","status-publish","format-standard","has-post-thumbnail","hentry","category-universidad"],"_links":{"self":[{"href":"https:\/\/www.interaccionnoticias.com.mx\/index.php?rest_route=\/wp\/v2\/posts\/63019","targetHints":{"allow":["GET"]}}],"collection":[{"href":"https:\/\/www.interaccionnoticias.com.mx\/index.php?rest_route=\/wp\/v2\/posts"}],"about":[{"href":"https:\/\/www.interaccionnoticias.com.mx\/index.php?rest_route=\/wp\/v2\/types\/post"}],"author":[{"embeddable":true,"href":"https:\/\/www.interaccionnoticias.com.mx\/index.php?rest_route=\/wp\/v2\/users\/21"}],"replies":[{"embeddable":true,"href":"https:\/\/www.interaccionnoticias.com.mx\/index.php?rest_route=%2Fwp%2Fv2%2Fcomments&post=63019"}],"version-history":[{"count":1,"href":"https:\/\/www.interaccionnoticias.com.mx\/index.php?rest_route=\/wp\/v2\/posts\/63019\/revisions"}],"predecessor-version":[{"id":63022,"href":"https:\/\/www.interaccionnoticias.com.mx\/index.php?rest_route=\/wp\/v2\/posts\/63019\/revisions\/63022"}],"wp:featuredmedia":[{"embeddable":true,"href":"https:\/\/www.interaccionnoticias.com.mx\/index.php?rest_route=\/wp\/v2\/media\/63021"}],"wp:attachment":[{"href":"https:\/\/www.interaccionnoticias.com.mx\/index.php?rest_route=%2Fwp%2Fv2%2Fmedia&parent=63019"}],"wp:term":[{"taxonomy":"category","embeddable":true,"href":"https:\/\/www.interaccionnoticias.com.mx\/index.php?rest_route=%2Fwp%2Fv2%2Fcategories&post=63019"},{"taxonomy":"post_tag","embeddable":true,"href":"https:\/\/www.interaccionnoticias.com.mx\/index.php?rest_route=%2Fwp%2Fv2%2Ftags&post=63019"}],"curies":[{"name":"wp","href":"https:\/\/api.w.org\/{rel}","templated":true}]}}