{"id":62939,"date":"2023-06-05T20:56:31","date_gmt":"2023-06-06T01:56:31","guid":{"rendered":"https:\/\/interaccionnoticias.com.mx\/?p=62939"},"modified":"2023-06-05T20:56:34","modified_gmt":"2023-06-06T01:56:34","slug":"denuncian-trabajadores-del-ieejag-que-siguen-sin-otorgar-20-plazas-vacantes","status":"publish","type":"post","link":"https:\/\/www.interaccionnoticias.com.mx\/?p=62939","title":{"rendered":"Denuncian trabajadores del IEEJAG que siguen sin otorgar 20 plazas vacantes"},"content":{"rendered":"\n<p><strong><em>&#8212; Exigen el cambio de la directora<\/em><\/strong><\/p>\n\n\n\n<p><strong>Rosario Garc\u00eda Orozco<\/strong><\/p>\n\n\n\n<p><strong>Chilpancingo, Gro., 5 de mayo del 2023.-<\/strong> Representantes sindicales del Instituto Estatal para la Educaci\u00f3n de J\u00f3venes y Adultos de Guerrero (IEEJAG), denunciaron que transcurridos cinco meses, siguen sin ser entregadas 20 plazas vacantes que desde el primero de enero debieron ser otorgadas.<\/p>\n\n\n\n<p>Los trabajadores, encabezados por Rafael Aparicio Trigo, Secretario General Secci\u00f3n 12 del IEEJAG, inform\u00f3 que este hecho constituye una \u201cviolaci\u00f3n al contrato colectivo del trabajo\u201d, por lo que se manifestaron en el Instituto para que el Gobierno del Estado se apresure y otorgue los nombramientos de forma escalafonaria.<\/p>\n\n\n\n<p>Dijeron que a pesar de que son plazas presupuestadas, y de haber solicitado a las autoridades responsables les informen el por qu\u00e9 no han designado esos espacios, solo se limitan a decir que hay \u201cd\u00e9ficit presupuestario\u201d, sin detallar que est\u00e1 causando esta problem\u00e1tica.<\/p>\n\n\n\n<p>Recordaron que despu\u00e9s de la protesta el 22 de mayo pasado frente a las oficinas del Organismos P\u00fablico Descentralizado, se comunicaron con el senador F\u00e9lix Salgado Macedonio quien les agend\u00f3 una mesa de trabajo con el secretario General de Gobierno, Ludwig Marcial Reynoso, para tratar sus demandas de manera directa pero de \u00faltimo momento fue cancelada.<\/p>\n\n\n\n<p>Por esa raz\u00f3n, pidieron la intervenci\u00f3n de la gobernadora Evelyn Salgado Pineda para que destituya a la titular de ese instituto Haydee Mares Galindo, pues desde su llegada \u201cse ha portado muy grosera\u201d y la acusaron de discriminar a trabajadores de proyectos ind\u00edgenas.<\/p>\n\n\n\n<p>Tambi\u00e9n, detallaron que personal del IEEJAG no cuenta con espacios dignos para el desarrollo de sus actividades laborales \u201chay fallas de internet, el equipo de c\u00f3mputo es obsoleto, es una situaci\u00f3n muy cr\u00edtica la que estamos viviendo como trabajadores\u201d.<\/p>\n\n\n\n<p>Finalmente, sostuvieron que las estrategias implementadas por Mares Galindo \u201cno han sido las adecuadas\u201d, puesto que en el a\u00f1o 2022, el Instituto Guerrerense ocup\u00f3 el \u00faltimo lugar en logros educativos a nivel nacional.<\/p>\n","protected":false},"excerpt":{"rendered":"<p>&#8212; Exigen el cambio de la directora Rosario Garc\u00eda Orozco Chilpancingo, Gro., 5 de mayo del 2023.- Representantes sindicales del Instituto Estatal para la Educaci\u00f3n de J\u00f3venes y Adultos de&hellip; <\/p>\n","protected":false},"author":14,"featured_media":62940,"comment_status":"open","ping_status":"open","sticky":false,"template":"","format":"standard","meta":{"fifu_image_url":"","fifu_image_alt":"","footnotes":""},"categories":[6],"tags":[],"class_list":["post-62939","post","type-post","status-publish","format-standard","has-post-thumbnail","hentry","category-educacion"],"_links":{"self":[{"href":"https:\/\/www.interaccionnoticias.com.mx\/index.php?rest_route=\/wp\/v2\/posts\/62939","targetHints":{"allow":["GET"]}}],"collection":[{"href":"https:\/\/www.interaccionnoticias.com.mx\/index.php?rest_route=\/wp\/v2\/posts"}],"about":[{"href":"https:\/\/www.interaccionnoticias.com.mx\/index.php?rest_route=\/wp\/v2\/types\/post"}],"author":[{"embeddable":true,"href":"https:\/\/www.interaccionnoticias.com.mx\/index.php?rest_route=\/wp\/v2\/users\/14"}],"replies":[{"embeddable":true,"href":"https:\/\/www.interaccionnoticias.com.mx\/index.php?rest_route=%2Fwp%2Fv2%2Fcomments&post=62939"}],"version-history":[{"count":1,"href":"https:\/\/www.interaccionnoticias.com.mx\/index.php?rest_route=\/wp\/v2\/posts\/62939\/revisions"}],"predecessor-version":[{"id":62941,"href":"https:\/\/www.interaccionnoticias.com.mx\/index.php?rest_route=\/wp\/v2\/posts\/62939\/revisions\/62941"}],"wp:featuredmedia":[{"embeddable":true,"href":"https:\/\/www.interaccionnoticias.com.mx\/index.php?rest_route=\/wp\/v2\/media\/62940"}],"wp:attachment":[{"href":"https:\/\/www.interaccionnoticias.com.mx\/index.php?rest_route=%2Fwp%2Fv2%2Fmedia&parent=62939"}],"wp:term":[{"taxonomy":"category","embeddable":true,"href":"https:\/\/www.interaccionnoticias.com.mx\/index.php?rest_route=%2Fwp%2Fv2%2Fcategories&post=62939"},{"taxonomy":"post_tag","embeddable":true,"href":"https:\/\/www.interaccionnoticias.com.mx\/index.php?rest_route=%2Fwp%2Fv2%2Ftags&post=62939"}],"curies":[{"name":"wp","href":"https:\/\/api.w.org\/{rel}","templated":true}]}}