{"id":62936,"date":"2023-06-05T20:52:09","date_gmt":"2023-06-06T01:52:09","guid":{"rendered":"https:\/\/interaccionnoticias.com.mx\/?p=62936"},"modified":"2023-06-05T20:52:11","modified_gmt":"2023-06-06T01:52:11","slug":"anuncia-comunidad-lgbtq-marcha-en-chilpancingo-contra-la-homofobia","status":"publish","type":"post","link":"https:\/\/www.interaccionnoticias.com.mx\/?p=62936","title":{"rendered":"Anuncia comunidad LGBTQ+ marcha en Chilpancingo contra la homofobia"},"content":{"rendered":"\n<p><em><strong>&#8212; Luchar\u00e1n por la Ley de Identidad de G\u00e9nero<\/strong><\/em><\/p>\n\n\n\n<p><strong>Rosario Garc\u00eda Orozco<\/strong><\/p>\n\n\n\n<p><strong>Chilpancingo, Gro., 05 de junio de 2023-<\/strong> Colectivos de la comunidad LGBTQ+ anunciaron que marchar\u00e1n el pr\u00f3ximo 16 de junio en Chilpancingo contra la homofobia hacia este sector en Guerrero.<\/p>\n\n\n\n<p>En conferencia de prensa los activistas, entre los que se encuentran Jose Luis Venancio, Chiqui Demetrio Patrocinio, Jesica Abigail Campos Alarc\u00f3n e Isidoro Basurto Calder\u00f3n mencionaron que la movilizaci\u00f3n se enfocar\u00e1 en la lucha contra la homofobia y para impulsar la Ley de Identidad, \u201cGuerrero apenas gatea con la Ley de Matrimonio Igualitario, a comparaci\u00f3n de otros estados\u201d, por lo que se hace necesario continuar con esa exigencia, dijeron.<\/p>\n\n\n\n<p>Mencionaron que el objetivo de esa Ley es que los derechos de \u201ctodas las personas trans sean validados con una identidad y nombre\u201d, con la modificaci\u00f3n de sus nombres en las actas de nacimiento y lamentaron que ante la falta de una norma jur\u00eddica, personas de la diversidad sexual tengan que migrar a otros estados para realizar el cambio de identidad g\u00e9nero.<\/p>\n\n\n\n<p>\u201cQue se nos d\u00e9 el respeto que se nos debe, porque a\u00fan nos sigue violentando en los espacios p\u00fablicos, calles, y mismas instituciones\u201d, expresaron.<\/p>\n\n\n\n<p>En la \u00ab22 Marcha de la Diversidad Sexual\u00bb participar\u00e1n las organizaciones \u201cOrgullo Guerrero\u201d, \u201cMujeres Ind\u00edgenas Combinando Colores\u201d, \u201cOrgullo Trans Guerrero\u201d, y \u201cSalvando Vidas Guerrero\u201d, entre otras.<\/p>\n\n\n\n<p>Puntualizaron que la movilizaci\u00f3n \u201cNo es una marcha de lucro ni gubernamental, ni contra el gobierno, es una marcha donde todos tenemos derechos y vamos a exigirlos\u201d.<\/p>\n\n\n\n<p>La marcha de la comunidad LGBTQ+ iniciar\u00e1 en el Congreso Local a las 4 de la tarde y llegar\u00e1 a la Plaza C\u00edvica Primer Congreso de An\u00e1huac, y no descartaron la posibilidad de participaci\u00f3n de legisladoras y legisladores para que se pronuncien a favor de los derechos de las diversidad sexual.<\/p>\n","protected":false},"excerpt":{"rendered":"<p>&#8212; Luchar\u00e1n por la Ley de Identidad de G\u00e9nero Rosario Garc\u00eda Orozco Chilpancingo, Gro., 05 de junio de 2023- Colectivos de la comunidad LGBTQ+ anunciaron que marchar\u00e1n el pr\u00f3ximo 16&hellip; <\/p>\n","protected":false},"author":14,"featured_media":62937,"comment_status":"open","ping_status":"open","sticky":false,"template":"","format":"standard","meta":{"fifu_image_url":"","fifu_image_alt":"","footnotes":""},"categories":[29],"tags":[],"class_list":["post-62936","post","type-post","status-publish","format-standard","has-post-thumbnail","hentry","category-sociedad"],"_links":{"self":[{"href":"https:\/\/www.interaccionnoticias.com.mx\/index.php?rest_route=\/wp\/v2\/posts\/62936","targetHints":{"allow":["GET"]}}],"collection":[{"href":"https:\/\/www.interaccionnoticias.com.mx\/index.php?rest_route=\/wp\/v2\/posts"}],"about":[{"href":"https:\/\/www.interaccionnoticias.com.mx\/index.php?rest_route=\/wp\/v2\/types\/post"}],"author":[{"embeddable":true,"href":"https:\/\/www.interaccionnoticias.com.mx\/index.php?rest_route=\/wp\/v2\/users\/14"}],"replies":[{"embeddable":true,"href":"https:\/\/www.interaccionnoticias.com.mx\/index.php?rest_route=%2Fwp%2Fv2%2Fcomments&post=62936"}],"version-history":[{"count":1,"href":"https:\/\/www.interaccionnoticias.com.mx\/index.php?rest_route=\/wp\/v2\/posts\/62936\/revisions"}],"predecessor-version":[{"id":62938,"href":"https:\/\/www.interaccionnoticias.com.mx\/index.php?rest_route=\/wp\/v2\/posts\/62936\/revisions\/62938"}],"wp:featuredmedia":[{"embeddable":true,"href":"https:\/\/www.interaccionnoticias.com.mx\/index.php?rest_route=\/wp\/v2\/media\/62937"}],"wp:attachment":[{"href":"https:\/\/www.interaccionnoticias.com.mx\/index.php?rest_route=%2Fwp%2Fv2%2Fmedia&parent=62936"}],"wp:term":[{"taxonomy":"category","embeddable":true,"href":"https:\/\/www.interaccionnoticias.com.mx\/index.php?rest_route=%2Fwp%2Fv2%2Fcategories&post=62936"},{"taxonomy":"post_tag","embeddable":true,"href":"https:\/\/www.interaccionnoticias.com.mx\/index.php?rest_route=%2Fwp%2Fv2%2Ftags&post=62936"}],"curies":[{"name":"wp","href":"https:\/\/api.w.org\/{rel}","templated":true}]}}