{"id":62933,"date":"2023-06-05T20:44:41","date_gmt":"2023-06-06T01:44:41","guid":{"rendered":"https:\/\/interaccionnoticias.com.mx\/?p=62933"},"modified":"2023-06-05T20:46:42","modified_gmt":"2023-06-06T01:46:42","slug":"no-es-politico-el-origen-de-las-amenazas-contra-alcaldes-y-diputados-de-tierra-caliente-asegura-el-dirigente-estatal-del-prd","status":"publish","type":"post","link":"https:\/\/www.interaccionnoticias.com.mx\/?p=62933","title":{"rendered":"\u201cNo es pol\u00edtico, el origen de las amenazas contra alcaldes y diputados de Tierra Caliente\u201d, asegura el dirigente estatal del PRD"},"content":{"rendered":"\n<p><strong>&#8212; Alberto Catal\u00e1n Bastida sostiene que se trata de un problema de la inseguridad, que mantiene asolada a la regi\u00f3n<\/strong><\/p>\n\n\n\n<p><strong>Rogelio Agust\u00edn<\/strong><\/p>\n\n\n\n<p>El dirigente estatal del PRD, Alberto Catal\u00e1n Bastida reconoci\u00f3 que el origen de las amenazas de muerte dirigidas en contra de cuatro diputadas y diputados locales, as\u00ed como alcaldes de la Tierra Caliente \u201cno es pol\u00edtico\u201d, ya que est\u00e1 focalizado en el \u00e1mbito de la inseguridad que prevalece en la regi\u00f3n.<\/p>\n\n\n\n<p>Catal\u00e1n Bastida reconoci\u00f3 que hasta el momento no ha fijado postura en torno a las amenazas de muerte que desde el 8 de abril dieron a conocer presidentes municipales y legisladores de la Tierra Caliente, pero aclar\u00f3 que entre otras cosas, se debe a que no ha podido dialogar con los afectados.<\/p>\n\n\n\n<p>Record\u00f3 que desde que se dio a conocer la carta que los pol\u00edticos afectados dirigieron a la gobernadora Evelyn Salgado Pineda, todos los afectados dejaron de viajar hacia Chilpancingo e Iguala, argumentando que el grupo responsable de las amenazas tiene puntos de control en las carreteras, raz\u00f3n por la que su integridad personal se encuentra en riesgo.<\/p>\n\n\n\n<p>El tema es muy delicado, por esa raz\u00f3n destac\u00f3 que no se puede tratar por medio de llamadas telef\u00f3nicas, de tal manera que no tiene los detalles de parte de las diputadas y alcaldes que militan en el PRD.<\/p>\n\n\n\n<p>Por eso insisti\u00f3: \u201cCreo que no es un tema pol\u00edtico, por lo tanto nos hemos mantenido al margen, es un tema que tiene que ver con la seguridad y la integridad de los afectados, pero tambi\u00e9n de la generaci\u00f3n de violencia que se presenta en la Tierra Caliente y en el corredor de Zona Norte\u201d.<\/p>\n\n\n\n<p>De hecho, destac\u00f3 que conoci\u00f3 por medio de las redes sociales lo relacionado con la irrupci\u00f3n de un grupo de militares en la casa del diputado local del PRI, Adolfo Torales Catal\u00e1n, la noche del s\u00e1bado 3 de junio, pero tampoco ha tenido la oportunidad de conocer m\u00e1s.<\/p>\n\n\n\n<p>Record\u00f3 que los alcaldes y diputados tuvieron ya un par de reuniones con la gobernadora, en las que la titular del Poder Ejecutivo local ha llegado a instalaciones militares y los encuentros se han desarrollado a puerta cerrada, de tal manera que no se conocen los acuerdos a los que se han llegado.<\/p>\n\n\n\n<p>Desde la \u00f3ptica del dirigente del PRD, actualmente se percibe que no hay presencia del Gobierno del Estado en la Tierra Caliente, porque las giras de trabajo son escasas y los reclamos de la poblaci\u00f3n para que se atiendan los problemas de la zona cada ves son m\u00e1s constantes.<\/p>\n","protected":false},"excerpt":{"rendered":"<p>&#8212; Alberto Catal\u00e1n Bastida sostiene que se trata de un problema de la inseguridad, que mantiene asolada a la regi\u00f3n Rogelio Agust\u00edn El dirigente estatal del PRD, Alberto Catal\u00e1n Bastida&hellip; <\/p>\n","protected":false},"author":21,"featured_media":62934,"comment_status":"open","ping_status":"open","sticky":false,"template":"","format":"standard","meta":{"fifu_image_url":"","fifu_image_alt":"","footnotes":""},"categories":[21],"tags":[],"class_list":["post-62933","post","type-post","status-publish","format-standard","has-post-thumbnail","hentry","category-politica"],"_links":{"self":[{"href":"https:\/\/www.interaccionnoticias.com.mx\/index.php?rest_route=\/wp\/v2\/posts\/62933","targetHints":{"allow":["GET"]}}],"collection":[{"href":"https:\/\/www.interaccionnoticias.com.mx\/index.php?rest_route=\/wp\/v2\/posts"}],"about":[{"href":"https:\/\/www.interaccionnoticias.com.mx\/index.php?rest_route=\/wp\/v2\/types\/post"}],"author":[{"embeddable":true,"href":"https:\/\/www.interaccionnoticias.com.mx\/index.php?rest_route=\/wp\/v2\/users\/21"}],"replies":[{"embeddable":true,"href":"https:\/\/www.interaccionnoticias.com.mx\/index.php?rest_route=%2Fwp%2Fv2%2Fcomments&post=62933"}],"version-history":[{"count":1,"href":"https:\/\/www.interaccionnoticias.com.mx\/index.php?rest_route=\/wp\/v2\/posts\/62933\/revisions"}],"predecessor-version":[{"id":62935,"href":"https:\/\/www.interaccionnoticias.com.mx\/index.php?rest_route=\/wp\/v2\/posts\/62933\/revisions\/62935"}],"wp:featuredmedia":[{"embeddable":true,"href":"https:\/\/www.interaccionnoticias.com.mx\/index.php?rest_route=\/wp\/v2\/media\/62934"}],"wp:attachment":[{"href":"https:\/\/www.interaccionnoticias.com.mx\/index.php?rest_route=%2Fwp%2Fv2%2Fmedia&parent=62933"}],"wp:term":[{"taxonomy":"category","embeddable":true,"href":"https:\/\/www.interaccionnoticias.com.mx\/index.php?rest_route=%2Fwp%2Fv2%2Fcategories&post=62933"},{"taxonomy":"post_tag","embeddable":true,"href":"https:\/\/www.interaccionnoticias.com.mx\/index.php?rest_route=%2Fwp%2Fv2%2Ftags&post=62933"}],"curies":[{"name":"wp","href":"https:\/\/api.w.org\/{rel}","templated":true}]}}