{"id":62914,"date":"2023-06-05T16:29:53","date_gmt":"2023-06-05T21:29:53","guid":{"rendered":"https:\/\/interaccionnoticias.com.mx\/?p=62914"},"modified":"2023-06-05T16:29:55","modified_gmt":"2023-06-05T21:29:55","slug":"dejan-un-cadaver-desmembrado-en-la-carretera-federal-mexico-acapulco","status":"publish","type":"post","link":"https:\/\/www.interaccionnoticias.com.mx\/?p=62914","title":{"rendered":"Dejan un cad\u00e1ver desmembrado en la carretera federal M\u00e9xico-Acapulco"},"content":{"rendered":"\n<p><strong><em>&#8212; Cerca de la zona minera de Mezcala<\/em><\/strong><\/p>\n\n\n\n<p><strong>Jes\u00fas Dorantes<\/strong><\/p>\n\n\n\n<p><strong>Chilpancingo, Gro.-<\/strong> El cuerpo desmembrado de un hombre fue localizado en la carretera federal M\u00e9xico-Acapulco, a la altura de la comunidad de Mezcala, en el municipio de Eduardo Neri.<\/p>\n\n\n\n<p>La polic\u00eda confirm\u00f3 que el cad\u00e1ver se encontraba dentro de bolsas negras, junto a una cartulina con un mensaje presuntamente del crimen organizado.<\/p>\n\n\n\n<p>El reportado se hizo al 911 por parte de vecinos del lugar, aproximadamente a las 08:00 horas.<\/p>\n\n\n\n<p>La v\u00edctima fue acusado de formar parte de una banda de secuestradores, su cabeza, era la \u00fanica parte que no se encontraba envuelto en bolsas, por lo que se confirm\u00f3 que se trataba de un hombre.<\/p>\n\n\n\n<p>Los restos fueron llevados por personal del Servicio M\u00e9dico Forense (SEMEFO), luego de que personal de la Fiscal\u00eda General del Estado (FGE) realizar\u00e1 las diligencias de ley.<\/p>\n","protected":false},"excerpt":{"rendered":"<p>&#8212; Cerca de la zona minera de Mezcala Jes\u00fas Dorantes Chilpancingo, Gro.- El cuerpo desmembrado de un hombre fue localizado en la carretera federal M\u00e9xico-Acapulco, a la altura de la&hellip; <\/p>\n","protected":false},"author":8,"featured_media":62915,"comment_status":"open","ping_status":"open","sticky":false,"template":"","format":"standard","meta":{"fifu_image_url":"","fifu_image_alt":"","footnotes":""},"categories":[27],"tags":[],"class_list":["post-62914","post","type-post","status-publish","format-standard","has-post-thumbnail","hentry","category-seguridad-publica"],"_links":{"self":[{"href":"https:\/\/www.interaccionnoticias.com.mx\/index.php?rest_route=\/wp\/v2\/posts\/62914","targetHints":{"allow":["GET"]}}],"collection":[{"href":"https:\/\/www.interaccionnoticias.com.mx\/index.php?rest_route=\/wp\/v2\/posts"}],"about":[{"href":"https:\/\/www.interaccionnoticias.com.mx\/index.php?rest_route=\/wp\/v2\/types\/post"}],"author":[{"embeddable":true,"href":"https:\/\/www.interaccionnoticias.com.mx\/index.php?rest_route=\/wp\/v2\/users\/8"}],"replies":[{"embeddable":true,"href":"https:\/\/www.interaccionnoticias.com.mx\/index.php?rest_route=%2Fwp%2Fv2%2Fcomments&post=62914"}],"version-history":[{"count":1,"href":"https:\/\/www.interaccionnoticias.com.mx\/index.php?rest_route=\/wp\/v2\/posts\/62914\/revisions"}],"predecessor-version":[{"id":62916,"href":"https:\/\/www.interaccionnoticias.com.mx\/index.php?rest_route=\/wp\/v2\/posts\/62914\/revisions\/62916"}],"wp:featuredmedia":[{"embeddable":true,"href":"https:\/\/www.interaccionnoticias.com.mx\/index.php?rest_route=\/wp\/v2\/media\/62915"}],"wp:attachment":[{"href":"https:\/\/www.interaccionnoticias.com.mx\/index.php?rest_route=%2Fwp%2Fv2%2Fmedia&parent=62914"}],"wp:term":[{"taxonomy":"category","embeddable":true,"href":"https:\/\/www.interaccionnoticias.com.mx\/index.php?rest_route=%2Fwp%2Fv2%2Fcategories&post=62914"},{"taxonomy":"post_tag","embeddable":true,"href":"https:\/\/www.interaccionnoticias.com.mx\/index.php?rest_route=%2Fwp%2Fv2%2Ftags&post=62914"}],"curies":[{"name":"wp","href":"https:\/\/api.w.org\/{rel}","templated":true}]}}