{"id":62897,"date":"2023-06-05T16:05:34","date_gmt":"2023-06-05T21:05:34","guid":{"rendered":"https:\/\/interaccionnoticias.com.mx\/?p=62897"},"modified":"2023-06-05T16:05:37","modified_gmt":"2023-06-05T21:05:37","slug":"fuego-consume-un-70-por-ciento-del-mercado-ludwig-reynoso","status":"publish","type":"post","link":"https:\/\/www.interaccionnoticias.com.mx\/?p=62897","title":{"rendered":"Fuego consume un 70 por ciento del mercado: Ludwig Reynoso"},"content":{"rendered":"\n<p><strong><em>&#8212; Se descartan heridos y fallecidos en el incendio y advierten riesgo de colapso<br>&#8212; Efectivos de la SEDENA y Guardia Nacional, aplican Plan DN-III-E, tras incendio<\/em><\/strong><\/p>\n\n\n\n<p><strong>Javier Trujillo<\/strong><\/p>\n\n\n\n<p><strong>Acapulco, Gro. \u2013 <\/strong>El secretario general de gobierno, Ludwig Marcial Reynoso, estim\u00f3 que el fuego consumi\u00f3 un 70 por ciento de locales del Mercado Central de Acapulco, y ser\u00edan unos 570 locales, y descart\u00f3 que haya personas lesionadas o fallecidas por el siniestro.<\/p>\n\n\n\n<p>Adelant\u00f3 que en coordinaci\u00f3n con autoridades de Protecci\u00f3n Civil se realiz\u00f3 un recorrido del \u00e1rea siniestrada, para tomar medidas preventivas en caso de que haya un colapso del centro de abasto.<\/p>\n\n\n\n<p>Incluso, se\u00f1al\u00f3 que en coordinaci\u00f3n el gobierno municipal, el estado habr\u00e1n de elaborarse los censos del n\u00famero de personas que resultaron damnificadas tras el incendio en la nave principal.<\/p>\n\n\n\n<p>\u201cLa prioridad (de las autoridades) es extinguir totalmente el fuego, atender a la gente, y posteriormente se tendr\u00e1n que hacer todas las investigaciones. No hay lesionados, no hay fallecidos,<\/p>\n\n\n\n<p>\u201cTras el recorrido con el personal de Protecci\u00f3n Civil, realizado en las zonas que resultaron afectadas por el incendio, estamos pendientes de que no haya ning\u00fan colapso de estructuras y estamos muy atentos. Vamos a pedir prudencia, por las condiciones del inmueble\u201d, dijo el funcionario estatal.<\/p>\n\n\n\n<p>En tanto, personal del 56 Batall\u00f3n de Infanter\u00eda, adscritos a la IX Regi\u00f3n Militar, del 54 BI, y de la Guardia Nacional, aplicaron el Plan DN-III-E, en su fase de auxilio en las instalaciones del Mercado Central de Acapulco, tras haber resultado siniestrado la madrugada de este lunes.<\/p>\n\n\n\n<p>Por su parte, el encargado de despacho de la Direcci\u00f3n de Mercados y Abasto, Ricardo Mart\u00ednez S\u00e1nchez, asegur\u00f3 que en el mercado central hay un total de mil 845 concesiones y la principal afectaci\u00f3n ocurri\u00f3 en la nave mayor con 354 locales que resultaron con p\u00e9rdida total.<\/p>\n\n\n\n<p>Adicionalmente, un total de 104 puestos semifijos, los cuales estaban en la parte posterior del \u00e1rea de estacionamiento del mismo centro de abasto, como son las naves de fondas, jarcer\u00eda, ropa, papeler\u00eda, zapatos, pi\u00f1atas y muebles.<\/p>\n\n\n\n<p>Mart\u00ednez Gonz\u00e1lez, asegur\u00f3 que desconoce las causas que ocasionaron el incendio en dicho centro de abastos.<\/p>\n\n\n\n<p>\u201cSe revisar\u00e1n las naves, hemos realizado en cinco meses m\u00e1s de 270 brigadas de mantenimiento. No sabemos las causas, pero eso toca a las autoridades de Protecci\u00f3n Civil\u201d, dijo.<\/p>\n\n\n\n<div class=\"wp-block-jetpack-slideshow aligncenter\" data-effect=\"slide\"><div class=\"wp-block-jetpack-slideshow_container swiper-container\"><ul class=\"wp-block-jetpack-slideshow_swiper-wrapper swiper-wrapper\"><li class=\"wp-block-jetpack-slideshow_slide swiper-slide\"><figure><img decoding=\"async\" src=\"data:image\/gif;base64,R0lGODlhAQABAIAAAAAAAP\/\/\/ywAAAAAAQABAAACAUwAOw==\" fifu-lazy=\"1\" fifu-data-sizes=\"auto\" fifu-data-srcset=\"https:\/\/i1.wp.com\/interaccionnoticias.com.mx\/wp-content\/uploads\/2023\/06\/230605-Mercado-Central-de-Acapulco-1-1024x683.jpg?ssl=1&w=75&resize=75&ssl=1 75w, https:\/\/i1.wp.com\/interaccionnoticias.com.mx\/wp-content\/uploads\/2023\/06\/230605-Mercado-Central-de-Acapulco-1-1024x683.jpg?ssl=1&w=100&resize=100&ssl=1 100w, https:\/\/i1.wp.com\/interaccionnoticias.com.mx\/wp-content\/uploads\/2023\/06\/230605-Mercado-Central-de-Acapulco-1-1024x683.jpg?ssl=1&w=150&resize=150&ssl=1 150w, https:\/\/i1.wp.com\/interaccionnoticias.com.mx\/wp-content\/uploads\/2023\/06\/230605-Mercado-Central-de-Acapulco-1-1024x683.jpg?ssl=1&w=240&resize=240&ssl=1 240w, https:\/\/i1.wp.com\/interaccionnoticias.com.mx\/wp-content\/uploads\/2023\/06\/230605-Mercado-Central-de-Acapulco-1-1024x683.jpg?ssl=1&w=320&resize=320&ssl=1 320w, https:\/\/i1.wp.com\/interaccionnoticias.com.mx\/wp-content\/uploads\/2023\/06\/230605-Mercado-Central-de-Acapulco-1-1024x683.jpg?ssl=1&w=500&resize=500&ssl=1 500w, https:\/\/i1.wp.com\/interaccionnoticias.com.mx\/wp-content\/uploads\/2023\/06\/230605-Mercado-Central-de-Acapulco-1-1024x683.jpg?ssl=1&w=640&resize=640&ssl=1 640w, https:\/\/i1.wp.com\/interaccionnoticias.com.mx\/wp-content\/uploads\/2023\/06\/230605-Mercado-Central-de-Acapulco-1-1024x683.jpg?ssl=1&w=800&resize=800&ssl=1 800w, https:\/\/i1.wp.com\/interaccionnoticias.com.mx\/wp-content\/uploads\/2023\/06\/230605-Mercado-Central-de-Acapulco-1-1024x683.jpg?ssl=1&w=1024&resize=1024&ssl=1 1024w, https:\/\/i1.wp.com\/interaccionnoticias.com.mx\/wp-content\/uploads\/2023\/06\/230605-Mercado-Central-de-Acapulco-1-1024x683.jpg?ssl=1&w=1280&resize=1280&ssl=1 1280w, https:\/\/i1.wp.com\/interaccionnoticias.com.mx\/wp-content\/uploads\/2023\/06\/230605-Mercado-Central-de-Acapulco-1-1024x683.jpg?ssl=1&w=1600&resize=1600&ssl=1 1600w\" alt=\"\" class=\"wp-block-jetpack-slideshow_image wp-image-62898\" data-id=\"62898\" fifu-data-src=\"https:\/\/i1.wp.com\/interaccionnoticias.com.mx\/wp-content\/uploads\/2023\/06\/230605-Mercado-Central-de-Acapulco-1-1024x683.jpg?ssl=1\"\/><\/figure><\/li><li class=\"wp-block-jetpack-slideshow_slide swiper-slide\"><figure><img decoding=\"async\" src=\"data:image\/gif;base64,R0lGODlhAQABAIAAAAAAAP\/\/\/ywAAAAAAQABAAACAUwAOw==\" fifu-lazy=\"1\" fifu-data-sizes=\"auto\" fifu-data-srcset=\"https:\/\/i2.wp.com\/interaccionnoticias.com.mx\/wp-content\/uploads\/2023\/06\/230605-Mercado-Central-de-Acapulco-2-1024x683.jpg?ssl=1&w=75&resize=75&ssl=1 75w, https:\/\/i2.wp.com\/interaccionnoticias.com.mx\/wp-content\/uploads\/2023\/06\/230605-Mercado-Central-de-Acapulco-2-1024x683.jpg?ssl=1&w=100&resize=100&ssl=1 100w, https:\/\/i2.wp.com\/interaccionnoticias.com.mx\/wp-content\/uploads\/2023\/06\/230605-Mercado-Central-de-Acapulco-2-1024x683.jpg?ssl=1&w=150&resize=150&ssl=1 150w, https:\/\/i2.wp.com\/interaccionnoticias.com.mx\/wp-content\/uploads\/2023\/06\/230605-Mercado-Central-de-Acapulco-2-1024x683.jpg?ssl=1&w=240&resize=240&ssl=1 240w, https:\/\/i2.wp.com\/interaccionnoticias.com.mx\/wp-content\/uploads\/2023\/06\/230605-Mercado-Central-de-Acapulco-2-1024x683.jpg?ssl=1&w=320&resize=320&ssl=1 320w, https:\/\/i2.wp.com\/interaccionnoticias.com.mx\/wp-content\/uploads\/2023\/06\/230605-Mercado-Central-de-Acapulco-2-1024x683.jpg?ssl=1&w=500&resize=500&ssl=1 500w, https:\/\/i2.wp.com\/interaccionnoticias.com.mx\/wp-content\/uploads\/2023\/06\/230605-Mercado-Central-de-Acapulco-2-1024x683.jpg?ssl=1&w=640&resize=640&ssl=1 640w, https:\/\/i2.wp.com\/interaccionnoticias.com.mx\/wp-content\/uploads\/2023\/06\/230605-Mercado-Central-de-Acapulco-2-1024x683.jpg?ssl=1&w=800&resize=800&ssl=1 800w, https:\/\/i2.wp.com\/interaccionnoticias.com.mx\/wp-content\/uploads\/2023\/06\/230605-Mercado-Central-de-Acapulco-2-1024x683.jpg?ssl=1&w=1024&resize=1024&ssl=1 1024w, https:\/\/i2.wp.com\/interaccionnoticias.com.mx\/wp-content\/uploads\/2023\/06\/230605-Mercado-Central-de-Acapulco-2-1024x683.jpg?ssl=1&w=1280&resize=1280&ssl=1 1280w, https:\/\/i2.wp.com\/interaccionnoticias.com.mx\/wp-content\/uploads\/2023\/06\/230605-Mercado-Central-de-Acapulco-2-1024x683.jpg?ssl=1&w=1600&resize=1600&ssl=1 1600w\" alt=\"\" class=\"wp-block-jetpack-slideshow_image wp-image-62899\" data-id=\"62899\" fifu-data-src=\"https:\/\/i2.wp.com\/interaccionnoticias.com.mx\/wp-content\/uploads\/2023\/06\/230605-Mercado-Central-de-Acapulco-2-1024x683.jpg?ssl=1\"\/><\/figure><\/li><li class=\"wp-block-jetpack-slideshow_slide swiper-slide\"><figure><img decoding=\"async\" src=\"data:image\/gif;base64,R0lGODlhAQABAIAAAAAAAP\/\/\/ywAAAAAAQABAAACAUwAOw==\" fifu-lazy=\"1\" fifu-data-sizes=\"auto\" fifu-data-srcset=\"https:\/\/i0.wp.com\/interaccionnoticias.com.mx\/wp-content\/uploads\/2023\/06\/230605-Mercado-Central-de-Acapulco-3-1024x683.jpg?ssl=1&w=75&resize=75&ssl=1 75w, https:\/\/i0.wp.com\/interaccionnoticias.com.mx\/wp-content\/uploads\/2023\/06\/230605-Mercado-Central-de-Acapulco-3-1024x683.jpg?ssl=1&w=100&resize=100&ssl=1 100w, https:\/\/i0.wp.com\/interaccionnoticias.com.mx\/wp-content\/uploads\/2023\/06\/230605-Mercado-Central-de-Acapulco-3-1024x683.jpg?ssl=1&w=150&resize=150&ssl=1 150w, https:\/\/i0.wp.com\/interaccionnoticias.com.mx\/wp-content\/uploads\/2023\/06\/230605-Mercado-Central-de-Acapulco-3-1024x683.jpg?ssl=1&w=240&resize=240&ssl=1 240w, https:\/\/i0.wp.com\/interaccionnoticias.com.mx\/wp-content\/uploads\/2023\/06\/230605-Mercado-Central-de-Acapulco-3-1024x683.jpg?ssl=1&w=320&resize=320&ssl=1 320w, https:\/\/i0.wp.com\/interaccionnoticias.com.mx\/wp-content\/uploads\/2023\/06\/230605-Mercado-Central-de-Acapulco-3-1024x683.jpg?ssl=1&w=500&resize=500&ssl=1 500w, https:\/\/i0.wp.com\/interaccionnoticias.com.mx\/wp-content\/uploads\/2023\/06\/230605-Mercado-Central-de-Acapulco-3-1024x683.jpg?ssl=1&w=640&resize=640&ssl=1 640w, https:\/\/i0.wp.com\/interaccionnoticias.com.mx\/wp-content\/uploads\/2023\/06\/230605-Mercado-Central-de-Acapulco-3-1024x683.jpg?ssl=1&w=800&resize=800&ssl=1 800w, https:\/\/i0.wp.com\/interaccionnoticias.com.mx\/wp-content\/uploads\/2023\/06\/230605-Mercado-Central-de-Acapulco-3-1024x683.jpg?ssl=1&w=1024&resize=1024&ssl=1 1024w, https:\/\/i0.wp.com\/interaccionnoticias.com.mx\/wp-content\/uploads\/2023\/06\/230605-Mercado-Central-de-Acapulco-3-1024x683.jpg?ssl=1&w=1280&resize=1280&ssl=1 1280w, https:\/\/i0.wp.com\/interaccionnoticias.com.mx\/wp-content\/uploads\/2023\/06\/230605-Mercado-Central-de-Acapulco-3-1024x683.jpg?ssl=1&w=1600&resize=1600&ssl=1 1600w\" alt=\"\" class=\"wp-block-jetpack-slideshow_image wp-image-62900\" data-id=\"62900\" fifu-data-src=\"https:\/\/i0.wp.com\/interaccionnoticias.com.mx\/wp-content\/uploads\/2023\/06\/230605-Mercado-Central-de-Acapulco-3-1024x683.jpg?ssl=1\"\/><\/figure><\/li><li class=\"wp-block-jetpack-slideshow_slide swiper-slide\"><figure><img decoding=\"async\" src=\"data:image\/gif;base64,R0lGODlhAQABAIAAAAAAAP\/\/\/ywAAAAAAQABAAACAUwAOw==\" fifu-lazy=\"1\" fifu-data-sizes=\"auto\" fifu-data-srcset=\"https:\/\/i0.wp.com\/interaccionnoticias.com.mx\/wp-content\/uploads\/2023\/06\/230605-Mercado-Central-de-Acapulco-4-1024x683.jpg?ssl=1&w=75&resize=75&ssl=1 75w, https:\/\/i0.wp.com\/interaccionnoticias.com.mx\/wp-content\/uploads\/2023\/06\/230605-Mercado-Central-de-Acapulco-4-1024x683.jpg?ssl=1&w=100&resize=100&ssl=1 100w, https:\/\/i0.wp.com\/interaccionnoticias.com.mx\/wp-content\/uploads\/2023\/06\/230605-Mercado-Central-de-Acapulco-4-1024x683.jpg?ssl=1&w=150&resize=150&ssl=1 150w, https:\/\/i0.wp.com\/interaccionnoticias.com.mx\/wp-content\/uploads\/2023\/06\/230605-Mercado-Central-de-Acapulco-4-1024x683.jpg?ssl=1&w=240&resize=240&ssl=1 240w, https:\/\/i0.wp.com\/interaccionnoticias.com.mx\/wp-content\/uploads\/2023\/06\/230605-Mercado-Central-de-Acapulco-4-1024x683.jpg?ssl=1&w=320&resize=320&ssl=1 320w, https:\/\/i0.wp.com\/interaccionnoticias.com.mx\/wp-content\/uploads\/2023\/06\/230605-Mercado-Central-de-Acapulco-4-1024x683.jpg?ssl=1&w=500&resize=500&ssl=1 500w, https:\/\/i0.wp.com\/interaccionnoticias.com.mx\/wp-content\/uploads\/2023\/06\/230605-Mercado-Central-de-Acapulco-4-1024x683.jpg?ssl=1&w=640&resize=640&ssl=1 640w, https:\/\/i0.wp.com\/interaccionnoticias.com.mx\/wp-content\/uploads\/2023\/06\/230605-Mercado-Central-de-Acapulco-4-1024x683.jpg?ssl=1&w=800&resize=800&ssl=1 800w, https:\/\/i0.wp.com\/interaccionnoticias.com.mx\/wp-content\/uploads\/2023\/06\/230605-Mercado-Central-de-Acapulco-4-1024x683.jpg?ssl=1&w=1024&resize=1024&ssl=1 1024w, https:\/\/i0.wp.com\/interaccionnoticias.com.mx\/wp-content\/uploads\/2023\/06\/230605-Mercado-Central-de-Acapulco-4-1024x683.jpg?ssl=1&w=1280&resize=1280&ssl=1 1280w, https:\/\/i0.wp.com\/interaccionnoticias.com.mx\/wp-content\/uploads\/2023\/06\/230605-Mercado-Central-de-Acapulco-4-1024x683.jpg?ssl=1&w=1600&resize=1600&ssl=1 1600w\" alt=\"\" class=\"wp-block-jetpack-slideshow_image wp-image-62901\" data-id=\"62901\" fifu-data-src=\"https:\/\/i0.wp.com\/interaccionnoticias.com.mx\/wp-content\/uploads\/2023\/06\/230605-Mercado-Central-de-Acapulco-4-1024x683.jpg?ssl=1\"\/><\/figure><\/li><li class=\"wp-block-jetpack-slideshow_slide swiper-slide\"><figure><img decoding=\"async\" src=\"data:image\/gif;base64,R0lGODlhAQABAIAAAAAAAP\/\/\/ywAAAAAAQABAAACAUwAOw==\" fifu-lazy=\"1\" fifu-data-sizes=\"auto\" fifu-data-srcset=\"https:\/\/i2.wp.com\/interaccionnoticias.com.mx\/wp-content\/uploads\/2023\/06\/230605-Mercado-Central-de-Acapulco-5-1024x683.jpg?ssl=1&w=75&resize=75&ssl=1 75w, https:\/\/i2.wp.com\/interaccionnoticias.com.mx\/wp-content\/uploads\/2023\/06\/230605-Mercado-Central-de-Acapulco-5-1024x683.jpg?ssl=1&w=100&resize=100&ssl=1 100w, https:\/\/i2.wp.com\/interaccionnoticias.com.mx\/wp-content\/uploads\/2023\/06\/230605-Mercado-Central-de-Acapulco-5-1024x683.jpg?ssl=1&w=150&resize=150&ssl=1 150w, https:\/\/i2.wp.com\/interaccionnoticias.com.mx\/wp-content\/uploads\/2023\/06\/230605-Mercado-Central-de-Acapulco-5-1024x683.jpg?ssl=1&w=240&resize=240&ssl=1 240w, https:\/\/i2.wp.com\/interaccionnoticias.com.mx\/wp-content\/uploads\/2023\/06\/230605-Mercado-Central-de-Acapulco-5-1024x683.jpg?ssl=1&w=320&resize=320&ssl=1 320w, https:\/\/i2.wp.com\/interaccionnoticias.com.mx\/wp-content\/uploads\/2023\/06\/230605-Mercado-Central-de-Acapulco-5-1024x683.jpg?ssl=1&w=500&resize=500&ssl=1 500w, https:\/\/i2.wp.com\/interaccionnoticias.com.mx\/wp-content\/uploads\/2023\/06\/230605-Mercado-Central-de-Acapulco-5-1024x683.jpg?ssl=1&w=640&resize=640&ssl=1 640w, https:\/\/i2.wp.com\/interaccionnoticias.com.mx\/wp-content\/uploads\/2023\/06\/230605-Mercado-Central-de-Acapulco-5-1024x683.jpg?ssl=1&w=800&resize=800&ssl=1 800w, https:\/\/i2.wp.com\/interaccionnoticias.com.mx\/wp-content\/uploads\/2023\/06\/230605-Mercado-Central-de-Acapulco-5-1024x683.jpg?ssl=1&w=1024&resize=1024&ssl=1 1024w, https:\/\/i2.wp.com\/interaccionnoticias.com.mx\/wp-content\/uploads\/2023\/06\/230605-Mercado-Central-de-Acapulco-5-1024x683.jpg?ssl=1&w=1280&resize=1280&ssl=1 1280w, https:\/\/i2.wp.com\/interaccionnoticias.com.mx\/wp-content\/uploads\/2023\/06\/230605-Mercado-Central-de-Acapulco-5-1024x683.jpg?ssl=1&w=1600&resize=1600&ssl=1 1600w\" alt=\"\" class=\"wp-block-jetpack-slideshow_image wp-image-62902\" data-id=\"62902\" fifu-data-src=\"https:\/\/i2.wp.com\/interaccionnoticias.com.mx\/wp-content\/uploads\/2023\/06\/230605-Mercado-Central-de-Acapulco-5-1024x683.jpg?ssl=1\"\/><\/figure><\/li><\/ul><a class=\"wp-block-jetpack-slideshow_button-prev swiper-button-prev swiper-button-white\" role=\"button\"><\/a><a class=\"wp-block-jetpack-slideshow_button-next swiper-button-next swiper-button-white\" role=\"button\"><\/a><a aria-label=\"Pause Slideshow\" class=\"wp-block-jetpack-slideshow_button-pause\" role=\"button\"><\/a><div class=\"wp-block-jetpack-slideshow_pagination swiper-pagination swiper-pagination-white\"><\/div><\/div><\/div>\n","protected":false},"excerpt":{"rendered":"<p>&#8212; Se descartan heridos y fallecidos en el incendio y advierten riesgo de colapso&#8212; Efectivos de la SEDENA y Guardia Nacional, aplican Plan DN-III-E, tras incendio Javier Trujillo Acapulco, Gro.&hellip; <\/p>\n","protected":false},"author":3,"featured_media":62901,"comment_status":"open","ping_status":"open","sticky":false,"template":"","format":"standard","meta":{"fifu_image_url":"","fifu_image_alt":"","footnotes":""},"categories":[242],"tags":[],"class_list":["post-62897","post","type-post","status-publish","format-standard","has-post-thumbnail","hentry","category-acapulco"],"_links":{"self":[{"href":"https:\/\/www.interaccionnoticias.com.mx\/index.php?rest_route=\/wp\/v2\/posts\/62897","targetHints":{"allow":["GET"]}}],"collection":[{"href":"https:\/\/www.interaccionnoticias.com.mx\/index.php?rest_route=\/wp\/v2\/posts"}],"about":[{"href":"https:\/\/www.interaccionnoticias.com.mx\/index.php?rest_route=\/wp\/v2\/types\/post"}],"author":[{"embeddable":true,"href":"https:\/\/www.interaccionnoticias.com.mx\/index.php?rest_route=\/wp\/v2\/users\/3"}],"replies":[{"embeddable":true,"href":"https:\/\/www.interaccionnoticias.com.mx\/index.php?rest_route=%2Fwp%2Fv2%2Fcomments&post=62897"}],"version-history":[{"count":1,"href":"https:\/\/www.interaccionnoticias.com.mx\/index.php?rest_route=\/wp\/v2\/posts\/62897\/revisions"}],"predecessor-version":[{"id":62903,"href":"https:\/\/www.interaccionnoticias.com.mx\/index.php?rest_route=\/wp\/v2\/posts\/62897\/revisions\/62903"}],"wp:featuredmedia":[{"embeddable":true,"href":"https:\/\/www.interaccionnoticias.com.mx\/index.php?rest_route=\/wp\/v2\/media\/62901"}],"wp:attachment":[{"href":"https:\/\/www.interaccionnoticias.com.mx\/index.php?rest_route=%2Fwp%2Fv2%2Fmedia&parent=62897"}],"wp:term":[{"taxonomy":"category","embeddable":true,"href":"https:\/\/www.interaccionnoticias.com.mx\/index.php?rest_route=%2Fwp%2Fv2%2Fcategories&post=62897"},{"taxonomy":"post_tag","embeddable":true,"href":"https:\/\/www.interaccionnoticias.com.mx\/index.php?rest_route=%2Fwp%2Fv2%2Ftags&post=62897"}],"curies":[{"name":"wp","href":"https:\/\/api.w.org\/{rel}","templated":true}]}}