{"id":62879,"date":"2023-06-04T21:42:27","date_gmt":"2023-06-05T02:42:27","guid":{"rendered":"https:\/\/interaccionnoticias.com.mx\/?p=62879"},"modified":"2023-06-04T21:42:30","modified_gmt":"2023-06-05T02:42:30","slug":"acuerda-titular-de-la-sedepia-y-el-director-general-del-inpi-convenio-de-colaboracion-en-favor-de-los-pueblos-indigenas-y-afromexicanos","status":"publish","type":"post","link":"https:\/\/www.interaccionnoticias.com.mx\/?p=62879","title":{"rendered":"Acuerda titular de la SEDEPIA y el director general del INPI convenio de colaboraci\u00f3n en favor de los pueblos ind\u00edgenas y afromexicanos"},"content":{"rendered":"\n<p><strong>Ciudad de M\u00e9xico., 04 de Junio de 2023.-<\/strong> El secretario para el Desarrollo de los Pueblos Ind\u00edgenas y Afromexicano (SEDEPIA), P\u00e1nfilo S\u00e1nchez Almaz\u00e1n se reuni\u00f3 con el director General del Instituto Nacional de los Pueblos Ind\u00edgenas(INPI), Adelfo Regino Montes, con quien acord\u00f3 un convenio de colaboraci\u00f3n para impulsar acciones en favor de este sector de la poblaci\u00f3n. El funcionario estatal dijo que la instrucci\u00f3n de la gobernadora, Evelyn Salgado Pineda es trabajar con todas las dependencias federales para coordinar acciones conjuntas que permitan llevar mayores beneficios a la poblaci\u00f3n.<\/p>\n\n\n\n<p>Durante la reuni\u00f3n acordaron que como parte de este convenio se contemplan programas que coadyuven al desarrollo de los pueblos ind\u00edgenas y afromexicanos que habitan en las diferentes regiones del estado.<\/p>\n\n\n\n<p>Por \u00faltimo, el titular de la SEDEPIA, Panfilo S\u00e1nchez, agradeci\u00f3 al funcionario federal, Adelfo Regino por brindarle la oportunidad de escuchar los planteamientos y demandas que tienen el estado.<\/p>\n\n\n\n<figure class=\"wp-block-gallery has-nested-images columns-default is-cropped wp-block-gallery-1 is-layout-flex wp-block-gallery-is-layout-flex\">\n<figure class=\"wp-block-image size-large\"><img decoding=\"async\" src=\"data:image\/gif;base64,R0lGODlhAQABAIAAAAAAAP\/\/\/ywAAAAAAQABAAACAUwAOw==\" fifu-lazy=\"1\" fifu-data-sizes=\"auto\" fifu-data-srcset=\"https:\/\/i1.wp.com\/interaccionnoticias.com.mx\/wp-content\/uploads\/2023\/06\/230604-SEDEPIA-INPI-2-680x1024.jpg?ssl=1&w=75&resize=75&ssl=1 75w, https:\/\/i1.wp.com\/interaccionnoticias.com.mx\/wp-content\/uploads\/2023\/06\/230604-SEDEPIA-INPI-2-680x1024.jpg?ssl=1&w=100&resize=100&ssl=1 100w, https:\/\/i1.wp.com\/interaccionnoticias.com.mx\/wp-content\/uploads\/2023\/06\/230604-SEDEPIA-INPI-2-680x1024.jpg?ssl=1&w=150&resize=150&ssl=1 150w, https:\/\/i1.wp.com\/interaccionnoticias.com.mx\/wp-content\/uploads\/2023\/06\/230604-SEDEPIA-INPI-2-680x1024.jpg?ssl=1&w=240&resize=240&ssl=1 240w, https:\/\/i1.wp.com\/interaccionnoticias.com.mx\/wp-content\/uploads\/2023\/06\/230604-SEDEPIA-INPI-2-680x1024.jpg?ssl=1&w=320&resize=320&ssl=1 320w, https:\/\/i1.wp.com\/interaccionnoticias.com.mx\/wp-content\/uploads\/2023\/06\/230604-SEDEPIA-INPI-2-680x1024.jpg?ssl=1&w=500&resize=500&ssl=1 500w, https:\/\/i1.wp.com\/interaccionnoticias.com.mx\/wp-content\/uploads\/2023\/06\/230604-SEDEPIA-INPI-2-680x1024.jpg?ssl=1&w=640&resize=640&ssl=1 640w, https:\/\/i1.wp.com\/interaccionnoticias.com.mx\/wp-content\/uploads\/2023\/06\/230604-SEDEPIA-INPI-2-680x1024.jpg?ssl=1&w=800&resize=800&ssl=1 800w, https:\/\/i1.wp.com\/interaccionnoticias.com.mx\/wp-content\/uploads\/2023\/06\/230604-SEDEPIA-INPI-2-680x1024.jpg?ssl=1&w=1024&resize=1024&ssl=1 1024w, https:\/\/i1.wp.com\/interaccionnoticias.com.mx\/wp-content\/uploads\/2023\/06\/230604-SEDEPIA-INPI-2-680x1024.jpg?ssl=1&w=1280&resize=1280&ssl=1 1280w, https:\/\/i1.wp.com\/interaccionnoticias.com.mx\/wp-content\/uploads\/2023\/06\/230604-SEDEPIA-INPI-2-680x1024.jpg?ssl=1&w=1600&resize=1600&ssl=1 1600w\" data-id=\"62880\" fifu-data-src=\"https:\/\/i1.wp.com\/interaccionnoticias.com.mx\/wp-content\/uploads\/2023\/06\/230604-SEDEPIA-INPI-2-680x1024.jpg?ssl=1\" alt=\"\" class=\"wp-image-62880\"\/><\/figure>\n<\/figure>\n","protected":false},"excerpt":{"rendered":"<p>Ciudad de M\u00e9xico., 04 de Junio de 2023.- El secretario para el Desarrollo de los Pueblos Ind\u00edgenas y Afromexicano (SEDEPIA), P\u00e1nfilo S\u00e1nchez Almaz\u00e1n se reuni\u00f3 con el director General del&hellip; <\/p>\n","protected":false},"author":19,"featured_media":62881,"comment_status":"open","ping_status":"open","sticky":false,"template":"","format":"standard","meta":{"fifu_image_url":"","fifu_image_alt":"","footnotes":""},"categories":[11],"tags":[],"class_list":["post-62879","post","type-post","status-publish","format-standard","has-post-thumbnail","hentry","category-guerrero"],"_links":{"self":[{"href":"https:\/\/www.interaccionnoticias.com.mx\/index.php?rest_route=\/wp\/v2\/posts\/62879","targetHints":{"allow":["GET"]}}],"collection":[{"href":"https:\/\/www.interaccionnoticias.com.mx\/index.php?rest_route=\/wp\/v2\/posts"}],"about":[{"href":"https:\/\/www.interaccionnoticias.com.mx\/index.php?rest_route=\/wp\/v2\/types\/post"}],"author":[{"embeddable":true,"href":"https:\/\/www.interaccionnoticias.com.mx\/index.php?rest_route=\/wp\/v2\/users\/19"}],"replies":[{"embeddable":true,"href":"https:\/\/www.interaccionnoticias.com.mx\/index.php?rest_route=%2Fwp%2Fv2%2Fcomments&post=62879"}],"version-history":[{"count":1,"href":"https:\/\/www.interaccionnoticias.com.mx\/index.php?rest_route=\/wp\/v2\/posts\/62879\/revisions"}],"predecessor-version":[{"id":62882,"href":"https:\/\/www.interaccionnoticias.com.mx\/index.php?rest_route=\/wp\/v2\/posts\/62879\/revisions\/62882"}],"wp:featuredmedia":[{"embeddable":true,"href":"https:\/\/www.interaccionnoticias.com.mx\/index.php?rest_route=\/wp\/v2\/media\/62881"}],"wp:attachment":[{"href":"https:\/\/www.interaccionnoticias.com.mx\/index.php?rest_route=%2Fwp%2Fv2%2Fmedia&parent=62879"}],"wp:term":[{"taxonomy":"category","embeddable":true,"href":"https:\/\/www.interaccionnoticias.com.mx\/index.php?rest_route=%2Fwp%2Fv2%2Fcategories&post=62879"},{"taxonomy":"post_tag","embeddable":true,"href":"https:\/\/www.interaccionnoticias.com.mx\/index.php?rest_route=%2Fwp%2Fv2%2Ftags&post=62879"}],"curies":[{"name":"wp","href":"https:\/\/api.w.org\/{rel}","templated":true}]}}