{"id":62872,"date":"2023-06-04T21:34:35","date_gmt":"2023-06-05T02:34:35","guid":{"rendered":"https:\/\/interaccionnoticias.com.mx\/?p=62872"},"modified":"2023-06-04T21:34:37","modified_gmt":"2023-06-05T02:34:37","slug":"sacerdote-y-escritor-tacha-de-penoso-el-hablar-nuevos-generos-empoderamiento-femenino-y-lenguaje-inclusivo","status":"publish","type":"post","link":"https:\/\/www.interaccionnoticias.com.mx\/?p=62872","title":{"rendered":"Sacerdote y escritor tacha de penoso el hablar nuevos generos, empoderamiento femenino y lenguaje inclusivo"},"content":{"rendered":"\n<p><strong>Dassaev T\u00e9llez Adame<\/strong><\/p>\n\n\n\n<p><strong>Chilpancingo, 4 de junio. &#8211;<\/strong> Sacerdote de la parroquia del Barrio de San mateo, Jorge Amando V\u00e1zquez, dijo que es penoso hablar de nuevos g\u00e9neros, como las personas no binarias, el empoderamiento y el lenguaje inclusivo.<\/p>\n\n\n\n<p>Asegurando que los medios de comunicaci\u00f3n est\u00e1n convirtiendo a las personas que tienen una \u201ccultura de peri\u00f3dico\u201d en personas sin criterios.<\/p>\n\n\n\n<p>\u201cEs penoso hablar de nuevos g\u00e9neros, como las personas no binarias, empoderamiento femenino e ideolog\u00eda de g\u00e9nero, hoy se habla tambi\u00e9n de lenguaje inclusivo, del empoderamiento femenino, no s\u00e9 qu\u00e9 consiste\u201d, dijo.<\/p>\n\n\n\n<p>El tambi\u00e9n escritor, critico este domingo durante su homil\u00eda los derechos que no se identifican con los g\u00e9neros \u201coriginales\u201d, indicando que estos temas actualmente est\u00e1n siento tratados en una sociedad compleja.<\/p>\n\n\n\n<p>\u201cVivimos en una sociedad con una mentalidad muy compleja, muy dif\u00edcil, incluso m\u00e1s de un sacerdote o los obispos, por hablar de una cultura de naturaleza humana han ido a parar a la c\u00e1rcel o est\u00e1n demandados, vivimos as\u00ed\u201d, lamento.<\/p>\n\n\n\n<p>Adem\u00e1s, puntualiz\u00f3 que \u201cvivimos con una sociedad que no entiende la unidad, que el d\u00eda de hoy no entiende sus or\u00edgenes, sus ra\u00edces\u2026Incluso las actas de nacimiento ya tienen otro lenguaje diferente para pedir hoy la diversidad\u201d, critic\u00f3 el sacerdote.<\/p>\n\n\n\n<p>Indico que \u00e9l entend\u00eda que la diversidad viene de divisi\u00f3n, adem\u00e1s de que actualmente estamos viviendo en una \u201csociedad de la intolerancia\u201d, ejemplificando que toda la persona que no comulgue o no coincida con su manera de pensar (haciendo alusi\u00f3n a los cat\u00f3licos) es catalogado como intolerante.<\/p>\n\n\n\n<p>Tambi\u00e9n dijo que vivimos en una \u201csociedad fruto del post modernismo\u201d y en una sociedad de \u201cminor\u00edas\u201d, siendo que estos grupos son los que buscan imponer las reglas de la sociedad y esto va a venir a complicar m\u00e1s la situaci\u00f3n.<\/p>\n\n\n\n<p>Incluso, dijo que en la actualidad las personas que se encargan de elaborar las leyes carecen de moralidad y no saben diferenciar entre \u201cmoralidad y la ley\u201d.<\/p>\n\n\n\n<p>\u201cSi consultan un manual, m\u00ednimo, de moralidad, se van a dar cuenta de que primero es la moralidad y despu\u00e9s la ley, pero hoy vivimos en una sociedad donde primero son las leyes sin ning\u00fan tipo de moralidad\u201d, sentencio.<\/p>\n\n\n\n<p>Cuestiono que \u201c\u00bfQui\u00e9n va a orientarnos?, porque es muy complejo el tema, los fil\u00f3sofos, los te\u00f3logos, la ley, los pol\u00edticos, \u00bfQui\u00e9n va a orientar a la sociedad? \u00bfqui\u00e9n lo va a hacer? \u00bfla televisi\u00f3n? \u00bfnuestros gobernadores?\u201d.<\/p>\n\n\n\n<p>Dijo que actualmente, alguien se siente muy pensante y presume que sabe porque \u201cley\u00f3 el peri\u00f3dico\u201d y que solo ley\u00f3 la opini\u00f3n de \u201cun pol\u00edtico o de un comunicador, porque ley\u00f3 un articulo de internet, traducido de otro idioma por un traductor en l\u00ednea\u201d.<\/p>\n\n\n\n<p>Por ultimo aseguro que un peri\u00f3dico solo publica opiniones y carece de veracidad, por lo que esas personas no tienen nada que presumir porque no tienen ni fuentes y las personas comienzan a carecer de criterios.<\/p>\n\n\n\n<p>El p\u00e1rroco estuvo a cargo de la misa por el noveno a\u00f1o de la desaparici\u00f3n de Jos\u00e9 Molina Rodr\u00edguez, hijo de Guadalupe Rodr\u00edguez Narciso, fundadora del colectivo desaparecidos de Chilpancingo, actualmente conocido como \u201cColectivo Lupita Rodr\u00edguez\u201d, tras el fallecimiento de la activista en 2021.<\/p>\n","protected":false},"excerpt":{"rendered":"<p>Dassaev T\u00e9llez Adame Chilpancingo, 4 de junio. &#8211; Sacerdote de la parroquia del Barrio de San mateo, Jorge Amando V\u00e1zquez, dijo que es penoso hablar de nuevos g\u00e9neros, como las&hellip; <\/p>\n","protected":false},"author":9,"featured_media":62873,"comment_status":"open","ping_status":"open","sticky":false,"template":"","format":"standard","meta":{"fifu_image_url":"","fifu_image_alt":"","footnotes":""},"categories":[29],"tags":[],"class_list":["post-62872","post","type-post","status-publish","format-standard","has-post-thumbnail","hentry","category-sociedad"],"_links":{"self":[{"href":"https:\/\/www.interaccionnoticias.com.mx\/index.php?rest_route=\/wp\/v2\/posts\/62872","targetHints":{"allow":["GET"]}}],"collection":[{"href":"https:\/\/www.interaccionnoticias.com.mx\/index.php?rest_route=\/wp\/v2\/posts"}],"about":[{"href":"https:\/\/www.interaccionnoticias.com.mx\/index.php?rest_route=\/wp\/v2\/types\/post"}],"author":[{"embeddable":true,"href":"https:\/\/www.interaccionnoticias.com.mx\/index.php?rest_route=\/wp\/v2\/users\/9"}],"replies":[{"embeddable":true,"href":"https:\/\/www.interaccionnoticias.com.mx\/index.php?rest_route=%2Fwp%2Fv2%2Fcomments&post=62872"}],"version-history":[{"count":1,"href":"https:\/\/www.interaccionnoticias.com.mx\/index.php?rest_route=\/wp\/v2\/posts\/62872\/revisions"}],"predecessor-version":[{"id":62874,"href":"https:\/\/www.interaccionnoticias.com.mx\/index.php?rest_route=\/wp\/v2\/posts\/62872\/revisions\/62874"}],"wp:featuredmedia":[{"embeddable":true,"href":"https:\/\/www.interaccionnoticias.com.mx\/index.php?rest_route=\/wp\/v2\/media\/62873"}],"wp:attachment":[{"href":"https:\/\/www.interaccionnoticias.com.mx\/index.php?rest_route=%2Fwp%2Fv2%2Fmedia&parent=62872"}],"wp:term":[{"taxonomy":"category","embeddable":true,"href":"https:\/\/www.interaccionnoticias.com.mx\/index.php?rest_route=%2Fwp%2Fv2%2Fcategories&post=62872"},{"taxonomy":"post_tag","embeddable":true,"href":"https:\/\/www.interaccionnoticias.com.mx\/index.php?rest_route=%2Fwp%2Fv2%2Ftags&post=62872"}],"curies":[{"name":"wp","href":"https:\/\/api.w.org\/{rel}","templated":true}]}}