{"id":62867,"date":"2023-06-04T21:20:44","date_gmt":"2023-06-05T02:20:44","guid":{"rendered":"https:\/\/interaccionnoticias.com.mx\/?p=62867"},"modified":"2023-06-04T21:32:44","modified_gmt":"2023-06-05T02:32:44","slug":"docentes-universitarios-impugnaron-el-resultado-de-la-eleccion-de-la-uagro-cuestionaron-que-la-gobernadora-evelyn-salgado-felicitara-a-quien-calificaron-como-cacique-e-ilegal-rector","status":"publish","type":"post","link":"https:\/\/www.interaccionnoticias.com.mx\/?p=62867","title":{"rendered":"Docentes universitarios impugnaron el resultado de la elecci\u00f3n de la UAGro-Cuestionaron que la gobernadora Evelyn Salgado felicitara a quien calificaron como cacique e ilegal rector"},"content":{"rendered":"\n<p><strong>Rosario Garc\u00eda Orozco<\/strong><\/p>\n\n\n\n<p><strong>Chilpancingo, Gro., 3 de junio del 2023.- <\/strong>Los docentes universitarios Silvia Alem\u00e1n Mundo y Jorge Luis Uri\u00f3stegui Tra\u00edn, impugnaron el resultado de la elecci\u00f3n a rector de la Universidad Aut\u00f3noma de Guerrero (Uagro), ante el tribunal universitario, por considerar que se viol\u00f3 la Ley Org\u00e1nica de la instituci\u00f3n, la paridad de g\u00e9nero y la autonom\u00eda universitaria, entre otros aspectos.<\/p>\n\n\n\n<p>En conferencia de prensa, el abogado Rub\u00e9n Cayetano, y los docentes Rom\u00e1n Ibarra Flores y Silvia Alem\u00e1n Mundo, quienes forman parte del Movimiento por el Rescate de la Democracia, la Dignidad y la Autonom\u00eda de la Uagro, informaron que alrededor de las 11 de la ma\u00f1ana de este s\u00e1bado presentaron la impugnaci\u00f3n ante el Tribunal Universitario, y que esa instancia deber\u00e1 resolver en menos de 48 horas esa queja.<\/p>\n\n\n\n<p>Los inconformes insistieron en que durante el proceso en el que se eligi\u00f3 por tercer ocasi\u00f3n Javier Salda\u00f1a Almaz\u00e1n como rector de la M\u00e1xima Casa de Estudios, se viol\u00f3 la Ley Org\u00e1nica de la Universidad porque las bases de la convocatoria para participar en el proceso \u00abson ajenas a lo establecido en la ley org\u00e1nica, principalmente porque establecen el aval de 24 consejeros, que es un requisito extralegal\u00bb.<\/p>\n\n\n\n<p>Otro de los agravios de esa impugnaci\u00f3n es que hubo omisiones y violaciones a la paridad y violencia pol\u00edtica en raz\u00f3n de g\u00e9nero, \u00abporque la convocatoria omiti\u00f3 establecer reglas democr\u00e1ticas claras y equitativas para el posible registro de otras y otros aspirantes a rectora o rector, de tal manera que fue emitida a modo para que solo un aspirante participara, cumpliera los requisitos y lo que debiera ser una elecci\u00f3n fuera solo un tr\u00e1mite\u00bb.<\/p>\n\n\n\n<p>Con lo que aseguran se obstaculiz\u00f3 el acceso a las mujeres a los puestos de toma de decisiones, al considerar que no se permiti\u00f3 la participaci\u00f3n en el proceso de Silvia Alem\u00e1n Mundo.<\/p>\n\n\n\n<p>Dijeron que tambi\u00e9n debi\u00f3 observarse la inelegibilidad del candidato \u00fanico Javier Salda\u00f1a Almaz\u00e1n, porque se viola la fracci\u00f3n I, b) del art\u00edculo 29 de la Ley Org\u00e1nica de la Uagro, que se\u00f1ala que \u00abel rector podr\u00e1 ser reelecto por una sola vez\u00bb.<\/p>\n\n\n\n<p>Explicaron que Salda\u00f1a Almaz\u00e1n fue rector en 2013, en ese periodo impuls\u00f3 modificaciones a la ley que permit\u00edan la reelecci\u00f3n, lo cual aprovecho a su favor y se reeligi\u00f3 en 2017, \u00abpor la v\u00eda de los hechos ya ejerci\u00f3 su derecho a reelegirse y ya no puede volver a ser rector\u00bb.<\/p>\n\n\n\n<p>Tambi\u00e9n consideraron que en el proceso electoral interno hubo violaci\u00f3n a la autonom\u00eda universitaria, bajo el argumento de que durante su campa\u00f1a, el entonces candidato \u00fanico a rector apareci\u00f3 en una fotograf\u00eda con el senador Manuel A\u00f1orve Ba\u00f1os, \u00abquien es representante popular, y eso constituye una falta grave que vulnera la autonom\u00eda y est\u00e1 especificada como una causa de nulidad del proceso, y as\u00ed venimos a exigirlo\u00bb.<\/p>\n\n\n\n<p>-Cuestionaron que la gobernadora Evelyn Salgado felicitara a quien calificaron como cacique y rector ilegal<\/p>\n\n\n\n<p>Rub\u00e9n Cayetano cuestion\u00f3 que la gobernadora Evelyn Salgado Pineda haya felicitado en redes sociales y otras publicaciones a Salda\u00f1a Almaz\u00e1n, cuando a\u00fan no termina el proceso interno y el virtual rector \u00abes un cacique\u00bb.<\/p>\n\n\n\n<p>Mientras que Alem\u00e1n Mundo lament\u00f3 que la mandataria no mostrara sororidad en el proceso y estuviera de acuerdo en se ejerciera violencia pol\u00edtica en raz\u00f3n de g\u00e9nero.<\/p>\n\n\n\n<p>Finalmente, los inconformes advirtieron que seguir\u00e1n dando la lucha para echar abajo la elecci\u00f3n universitaria<br>y que acudir\u00e1n a los tribunales estatales y federales si es necesario.<\/p>\n","protected":false},"excerpt":{"rendered":"<p>Rosario Garc\u00eda Orozco Chilpancingo, Gro., 3 de junio del 2023.- Los docentes universitarios Silvia Alem\u00e1n Mundo y Jorge Luis Uri\u00f3stegui Tra\u00edn, impugnaron el resultado de la elecci\u00f3n a rector de&hellip; <\/p>\n","protected":false},"author":14,"featured_media":62868,"comment_status":"open","ping_status":"open","sticky":false,"template":"","format":"standard","meta":{"fifu_image_url":"","fifu_image_alt":"","footnotes":""},"categories":[30],"tags":[],"class_list":["post-62867","post","type-post","status-publish","format-standard","has-post-thumbnail","hentry","category-universidad"],"_links":{"self":[{"href":"https:\/\/www.interaccionnoticias.com.mx\/index.php?rest_route=\/wp\/v2\/posts\/62867","targetHints":{"allow":["GET"]}}],"collection":[{"href":"https:\/\/www.interaccionnoticias.com.mx\/index.php?rest_route=\/wp\/v2\/posts"}],"about":[{"href":"https:\/\/www.interaccionnoticias.com.mx\/index.php?rest_route=\/wp\/v2\/types\/post"}],"author":[{"embeddable":true,"href":"https:\/\/www.interaccionnoticias.com.mx\/index.php?rest_route=\/wp\/v2\/users\/14"}],"replies":[{"embeddable":true,"href":"https:\/\/www.interaccionnoticias.com.mx\/index.php?rest_route=%2Fwp%2Fv2%2Fcomments&post=62867"}],"version-history":[{"count":2,"href":"https:\/\/www.interaccionnoticias.com.mx\/index.php?rest_route=\/wp\/v2\/posts\/62867\/revisions"}],"predecessor-version":[{"id":62871,"href":"https:\/\/www.interaccionnoticias.com.mx\/index.php?rest_route=\/wp\/v2\/posts\/62867\/revisions\/62871"}],"wp:featuredmedia":[{"embeddable":true,"href":"https:\/\/www.interaccionnoticias.com.mx\/index.php?rest_route=\/wp\/v2\/media\/62868"}],"wp:attachment":[{"href":"https:\/\/www.interaccionnoticias.com.mx\/index.php?rest_route=%2Fwp%2Fv2%2Fmedia&parent=62867"}],"wp:term":[{"taxonomy":"category","embeddable":true,"href":"https:\/\/www.interaccionnoticias.com.mx\/index.php?rest_route=%2Fwp%2Fv2%2Fcategories&post=62867"},{"taxonomy":"post_tag","embeddable":true,"href":"https:\/\/www.interaccionnoticias.com.mx\/index.php?rest_route=%2Fwp%2Fv2%2Ftags&post=62867"}],"curies":[{"name":"wp","href":"https:\/\/api.w.org\/{rel}","templated":true}]}}