{"id":62858,"date":"2023-06-04T21:01:38","date_gmt":"2023-06-05T02:01:38","guid":{"rendered":"https:\/\/interaccionnoticias.com.mx\/?p=62858"},"modified":"2023-06-04T21:01:41","modified_gmt":"2023-06-05T02:01:41","slug":"diputado-local-denuncia-intento-de-irrupcion-militar-en-su-domicilio","status":"publish","type":"post","link":"https:\/\/www.interaccionnoticias.com.mx\/?p=62858","title":{"rendered":"Diputado local denuncia intento de irrupci\u00f3n militar en su domicilio"},"content":{"rendered":"\n<p><em><strong>&#8212; Ahora entiendo a la poblaci\u00f2n que ha denunciado atropellos, denuncia el tambi\u00e9n ex alcalde de Arcelia<br>&#8212; Adolfo Torales es uno de los pol\u00edticos amenazados de muerte en Tierra Caliente<\/strong><\/em><\/p>\n\n\n\n<p><strong>Jes\u00fas Dorantes<\/strong><\/p>\n\n\n\n<p><strong>Chilpancingo, Gro.-<\/strong> El diputado local por el distrito electoral 18, Adolfo Torales Catal\u00e1n denunci\u00f3 el intento de irrupci\u00f3n de elementos del Ej\u00e9rcito Mexicano en su domicilio particular, en el municipio de Arcelia, cuando se encontraba fuera del Estado.<\/p>\n\n\n\n<p>En su cuenta de Facebook, el legislador local del PRI subi\u00f3 un video este fin de semana, que se viraliz\u00f3 rapidamente, en el que se se\u00f1ala: \u201cAhora entiendo a nuestra gente que de alguna manera han sufrido alg\u00fan atropello por parte de estas corporaciones (militares)\u201d.<\/p>\n\n\n\n<p>Durante el video de cuatro minutos de duraci\u00f3n, Torales Catal\u00e1n condena el hecho de que dos camionetas de las Fuerzas Castrenses acudieran a su domicilio en Arcelia, d\u00f3nde asegura que s\u00f3lo estaban sus hijos con algunas personas que trabajan para su familia.<\/p>\n\n\n\n<p>El representante popular refiere que se traslad\u00f3 a la ciudad de Toluca, en el estado de M\u00e9xico para acudir a una cita m\u00e9dica.<\/p>\n\n\n\n<p>El video fue grabado mientras conduc\u00eda su veh\u00edculo, de regresado hacia Arcelia, mientras comenta lo siguiente: \u201cLlevo prisa por llegar, porque no se vale que espanten de esta manera a mis ni\u00f1os todos son menores de edad\u201d.<\/p>\n\n\n\n<p>Agrega: \u201cSi el gobierno tiene algo personal con los pol\u00edticos aqu\u00ed estamos, no se vale que irrumpan en un domicilio en el que solo est\u00e1n mis hijos\u201d.<\/p>\n\n\n\n<p>De acuerdo con la informaci\u00f3n que ten\u00eda, la justificaci\u00f3n de parte de los militares para ingresar al domicilio, era que ten\u00edan el reporte de que dentro de la propiedad hab\u00eca veh\u00edculos robados.<\/p>\n\n\n\n<p>Ante la supuesta acusaci\u00f3n, respondi\u00f3 que \u00e9l no se dedica a cometer il\u00edcitos si no a la pol\u00edtica.<\/p>\n\n\n\n<p>\u201c Dijeron que hab\u00eda un reporte de robo de carros, yo no me dedico a robar, no soy roba carros, soy pol\u00edtico\u201d, enfatiz\u00f3.<\/p>\n\n\n\n<p>Por esa raz\u00f3n, advirti\u00f3 a la ciudadan\u00eda que deben de cuidarse hasta de las autoridades federales: \u201cLe quiero decir a la gente que hay que cuidarnos ahora m\u00e1s, porque el gobierno anda encima de todos\u201d.<\/p>\n\n\n\n<p>Al final de la grabaci\u00f3n refiere que en 2 o 3 horas llegar\u00eda su domicilio, por lo que hizo una invitaci\u00f3n a los militares para acudir a realizar una revisi\u00f3n en su presencia, para que les pudiera atender debidamente.<\/p>\n\n\n\n<p>\u201cDecirle al gobierno que si ellos quieren saber algo de mi, yo en unos dos o tres horas estar\u00e9 en Arcelia y si quieren llegar a mi casa y checarla las puertas est\u00e1n abiertas\u201d, dijo antes de cerrar el video.<\/p>\n\n\n\n<p>Adolfo Torales Catal\u00e1n es uno de los representantes populares radicados en Tierra Caliente que el 8 de abril denunciaron haber recibido amenazas de muerte, presuntamente por el grupo delictivo conocido como \u201cLos Tlacos\u201d.<\/p>\n\n\n\n<p>El no se ha presentado a sesionar en el Congreso desde el mes de abril, cuando se dio a conocer una carta dirigida a la gobernador Evelyn Salgado Pineda.<\/p>\n\n\n\n<p>De hecho, en la \u00faltima semana de mayo sesion\u00f3 de manera virtual, para evitar que por la acumulaci\u00f3n de faltas se tuviera que llamar al suplente.<\/p>\n","protected":false},"excerpt":{"rendered":"<p>&#8212; Ahora entiendo a la poblaci\u00f2n que ha denunciado atropellos, denuncia el tambi\u00e9n ex alcalde de Arcelia&#8212; Adolfo Torales es uno de los pol\u00edticos amenazados de muerte en Tierra Caliente&hellip; <\/p>\n","protected":false},"author":8,"featured_media":62859,"comment_status":"open","ping_status":"open","sticky":false,"template":"","format":"standard","meta":{"fifu_image_url":"","fifu_image_alt":"","footnotes":""},"categories":[2],"tags":[],"class_list":["post-62858","post","type-post","status-publish","format-standard","has-post-thumbnail","hentry","category-congreso"],"_links":{"self":[{"href":"https:\/\/www.interaccionnoticias.com.mx\/index.php?rest_route=\/wp\/v2\/posts\/62858","targetHints":{"allow":["GET"]}}],"collection":[{"href":"https:\/\/www.interaccionnoticias.com.mx\/index.php?rest_route=\/wp\/v2\/posts"}],"about":[{"href":"https:\/\/www.interaccionnoticias.com.mx\/index.php?rest_route=\/wp\/v2\/types\/post"}],"author":[{"embeddable":true,"href":"https:\/\/www.interaccionnoticias.com.mx\/index.php?rest_route=\/wp\/v2\/users\/8"}],"replies":[{"embeddable":true,"href":"https:\/\/www.interaccionnoticias.com.mx\/index.php?rest_route=%2Fwp%2Fv2%2Fcomments&post=62858"}],"version-history":[{"count":1,"href":"https:\/\/www.interaccionnoticias.com.mx\/index.php?rest_route=\/wp\/v2\/posts\/62858\/revisions"}],"predecessor-version":[{"id":62860,"href":"https:\/\/www.interaccionnoticias.com.mx\/index.php?rest_route=\/wp\/v2\/posts\/62858\/revisions\/62860"}],"wp:featuredmedia":[{"embeddable":true,"href":"https:\/\/www.interaccionnoticias.com.mx\/index.php?rest_route=\/wp\/v2\/media\/62859"}],"wp:attachment":[{"href":"https:\/\/www.interaccionnoticias.com.mx\/index.php?rest_route=%2Fwp%2Fv2%2Fmedia&parent=62858"}],"wp:term":[{"taxonomy":"category","embeddable":true,"href":"https:\/\/www.interaccionnoticias.com.mx\/index.php?rest_route=%2Fwp%2Fv2%2Fcategories&post=62858"},{"taxonomy":"post_tag","embeddable":true,"href":"https:\/\/www.interaccionnoticias.com.mx\/index.php?rest_route=%2Fwp%2Fv2%2Ftags&post=62858"}],"curies":[{"name":"wp","href":"https:\/\/api.w.org\/{rel}","templated":true}]}}