{"id":62852,"date":"2023-06-02T19:55:00","date_gmt":"2023-06-03T00:55:00","guid":{"rendered":"https:\/\/interaccionnoticias.com.mx\/?p=62852"},"modified":"2023-06-04T20:13:05","modified_gmt":"2023-06-05T01:13:05","slug":"recibe-su-constancia-de-mayoria-javier-saldana-almazan-como-rector-de-la-uagro","status":"publish","type":"post","link":"https:\/\/www.interaccionnoticias.com.mx\/?p=62852","title":{"rendered":"Recibe su constancia de mayor\u00eda Javier Salda\u00f1a Almaz\u00e1n, como rector de la UAGro"},"content":{"rendered":"\n<p><strong><em>&#8212; Asumir\u00e1 el cargo el 27 de septiembre pr\u00f3ximo<\/em><\/strong><\/p>\n\n\n\n<p><strong>Rosario Garc\u00eda Orozco<\/strong><\/p>\n\n\n\n<p><strong>Chilpancingo, Gro., 2 de junio del 2023.-<\/strong> Luego de una sesi\u00f3n extraordinaria, el Consejo Universitario entreg\u00f3 la constancia de mayor\u00eda como rector electo de la Universidad Aut\u00f3noma de Guerrero (UAGRO) a Javier Salda\u00f1a Almaz\u00e1n, quien hizo un llamado la unidad a los distintos grupos que convergen en la m\u00e1xima casa de estudios.<\/p>\n\n\n\n<p>El Consejo Universitario realiz\u00f3 este viernes la calificaci\u00f3n de la elecci\u00f3n de rector y entreg\u00f3 la constancia de mayor\u00eda a Javier Salda\u00f1a, que lo acredita como rector electo, quien asumir\u00e1 el cargo a partir del 27 de septiembre.<\/p>\n\n\n\n<p>Quien fuera el candidato \u00fanico a la rector\u00eda universitaria, obtuvo m\u00e1s del 83 por ciento de apoyo de la comunidad universitaria, a trav\u00e9s del voto de 67 mil 407 universitarios.<\/p>\n\n\n\n<p>En su intervenci\u00f3n Salda\u00f1a Almaz\u00e1n plante\u00f3 fortalecer la cobertura a personas ind\u00edgenas, afrodescendientes y del sector de la Sierra, de donde es originario.<\/p>\n\n\n\n<p>Se comprometi\u00f3 tambi\u00e9n a mantener la paridad durante su gesti\u00f3n en los cargos administrativos de esa instituci\u00f3n, y que tendr\u00e1n cabida las minor\u00edas como los grupos de la diversidad sexual.<\/p>\n\n\n\n<p>El ahora tres veces rector mencion\u00f3 que su participaci\u00f3n en la elecci\u00f3n de rector fue determinada luego del di\u00e1logo con al menos siete aspirantes que lo consideraron la mejor opci\u00f3n.<\/p>\n\n\n\n<p>\u00abCriticar es f\u00e1cil, pero muchos de los que a veces critican ya tuvieron su oportunidad de dirigir la instituci\u00f3n, y yo les preguntar\u00eda, \u00bfCu\u00e1ndo fuiste rector cuantas prepas hiciste o creaste, cu\u00e1ntas licenciaturas?, ninguna, postgrados ni hab\u00eda y hoy resulta que quieren decir o demostrar otras cosas pues se les acab\u00f3 el gas, porque hoy la Universidad est\u00e1 en otro \u00e1nimo, hoy est\u00e1 en la docencia, tiene los mejores indicadores de competitividad que todas las universidades, porque somos 180 instituciones en el Estado, y a\u00fan en Guerrero es la Universidad la que recibe menor inversi\u00f3n por alumno, tenemos los mejores postgrados y de calidad, licenciaturas y preparatorias son de las mejores, no podemos dar un paso atr\u00e1s, sigamos consolidando esta instituci\u00f3n\u00bb, dijo a los universitarios<\/p>\n\n\n\n<p>En entrevista, Javier Salda\u00f1a calific\u00f3 el proceso electoral universitario como de madurez, como un proceso de madurez, porque en los anteriores \u00abnunca Le iba bien a la in stitucioln por los desencuentros, y nosotros llevamos dos a\u00f1os trabajando ujna propuesta de unidad y lo logramos, ahora el llamado a todos a que nos sumemos a la acdemia, la docencia y la investigacion\u00bb.<\/p>\n\n\n\n<p>A quienes lo critican les dijo que est\u00e1n abiertas las puerta del proyecto de la transformaci\u00f3n universitaria para seguir trabajando de la m,a\u00f1o con todos.<\/p>\n","protected":false},"excerpt":{"rendered":"<p>&#8212; Asumir\u00e1 el cargo el 27 de septiembre pr\u00f3ximo Rosario Garc\u00eda Orozco Chilpancingo, Gro., 2 de junio del 2023.- Luego de una sesi\u00f3n extraordinaria, el Consejo Universitario entreg\u00f3 la constancia&hellip; <\/p>\n","protected":false},"author":14,"featured_media":62853,"comment_status":"open","ping_status":"open","sticky":false,"template":"","format":"standard","meta":{"fifu_image_url":"","fifu_image_alt":"","footnotes":""},"categories":[30],"tags":[],"class_list":["post-62852","post","type-post","status-publish","format-standard","has-post-thumbnail","hentry","category-universidad"],"_links":{"self":[{"href":"https:\/\/www.interaccionnoticias.com.mx\/index.php?rest_route=\/wp\/v2\/posts\/62852","targetHints":{"allow":["GET"]}}],"collection":[{"href":"https:\/\/www.interaccionnoticias.com.mx\/index.php?rest_route=\/wp\/v2\/posts"}],"about":[{"href":"https:\/\/www.interaccionnoticias.com.mx\/index.php?rest_route=\/wp\/v2\/types\/post"}],"author":[{"embeddable":true,"href":"https:\/\/www.interaccionnoticias.com.mx\/index.php?rest_route=\/wp\/v2\/users\/14"}],"replies":[{"embeddable":true,"href":"https:\/\/www.interaccionnoticias.com.mx\/index.php?rest_route=%2Fwp%2Fv2%2Fcomments&post=62852"}],"version-history":[{"count":1,"href":"https:\/\/www.interaccionnoticias.com.mx\/index.php?rest_route=\/wp\/v2\/posts\/62852\/revisions"}],"predecessor-version":[{"id":62854,"href":"https:\/\/www.interaccionnoticias.com.mx\/index.php?rest_route=\/wp\/v2\/posts\/62852\/revisions\/62854"}],"wp:featuredmedia":[{"embeddable":true,"href":"https:\/\/www.interaccionnoticias.com.mx\/index.php?rest_route=\/wp\/v2\/media\/62853"}],"wp:attachment":[{"href":"https:\/\/www.interaccionnoticias.com.mx\/index.php?rest_route=%2Fwp%2Fv2%2Fmedia&parent=62852"}],"wp:term":[{"taxonomy":"category","embeddable":true,"href":"https:\/\/www.interaccionnoticias.com.mx\/index.php?rest_route=%2Fwp%2Fv2%2Fcategories&post=62852"},{"taxonomy":"post_tag","embeddable":true,"href":"https:\/\/www.interaccionnoticias.com.mx\/index.php?rest_route=%2Fwp%2Fv2%2Ftags&post=62852"}],"curies":[{"name":"wp","href":"https:\/\/api.w.org\/{rel}","templated":true}]}}