{"id":62843,"date":"2023-06-02T19:51:23","date_gmt":"2023-06-03T00:51:23","guid":{"rendered":"https:\/\/interaccionnoticias.com.mx\/?p=62843"},"modified":"2023-06-02T19:51:25","modified_gmt":"2023-06-03T00:51:25","slug":"zeferino-torreblanca-no-ha-rendido-cuentas-en-torno-al-asesinato-de-armando-chavarria-dice-javier-saldana","status":"publish","type":"post","link":"https:\/\/www.interaccionnoticias.com.mx\/?p=62843","title":{"rendered":"\u00abZeferino Torreblanca no ha rendido cuentas en torno al asesinato de Armando Chavarr\u00eda\u00bb, dice Javier Salda\u00f1a"},"content":{"rendered":"\n<p><em><strong>&#8212; \u00bfPor qu\u00e9 le quit\u00f3 la seguridad?<br>&#8212; \u00bfQui\u00e9n desapareci\u00f3 el expediente?<\/strong><\/em><\/p>\n\n\n\n<p><strong>Rogelio Agust\u00edn<\/strong><\/p>\n\n\n\n<p>Tras ser se\u00f1alado como un hamp\u00f3n, el rector electo de la Universidad Aut\u00f3noma de Guerrero (UAGro), Javier Salda\u00f1a Almaz\u00e1n sostuvo que el ex gobernador Zeferino Torreblanca Galindo no ha rendido cuentas en torno al asesinato del ex l\u00edder del Congreso local, Armando Chavarr\u00eda Barrera.<\/p>\n\n\n\n<p>Ante el pleno del Consejo Universitario, Salda\u00f1a Almaz\u00e1n recibi\u00f3 la constancia de mayor\u00eda que lo acredita como ganador de los comicios realizados en la m\u00e1xima casa de estudios el pasado 25 de mayo, en donde figur\u00f3 como candidato unico a la rector\u00eda.<\/p>\n\n\n\n<p>Ese hecho fue cuestionado por el ex gobernador Torreblanca Galindo, quien refiri\u00f3 que hay en la UAGro un retroceso democr\u00e1tico al no existir competencia electoral, pero m\u00e1s a\u00fan, calific\u00f3 al candidato \u00fanico como un hamp\u00f3n y un fara\u00f3n, con una riqueza acumulada que no va acorde con el salario de un rector.<\/p>\n\n\n\n<p>Durante la entrega de la constancia que lo acredita como ganador de la contienda, Javier Salda\u00f1a sostuvo que su mandato estar\u00e1 enmarcado por el apego a la ideolog\u00eda de quienes acu\u00f1aron el proyecto de universidad-pueblo, en donde evoc\u00f3 la memoria del finado Rosal\u00edo Wences Reza.<\/p>\n\n\n\n<p>Habl\u00f3 del dirigente del movimiento social de 1960, Pablo Sandoval Cruz y del ex dirigente de la Federaci\u00f3n Estudiantil Jes\u00fas Araujo Hern\u00e1ndez, cuyo hijo es consejero electo.<\/p>\n\n\n\n<p>Salud\u00f3 la presencia en el lugar de la se\u00f1ora Martha Obeso C\u00e1sarez, viuda del ex dirigente estudiantil y en su momento presidente del Congreso local, Armando Chavarr\u00eda Barrera, asesinado el 20 de agosto de 2009, en el mandato de Zeferino Torreblanca.<\/p>\n\n\n\n<p>Ah\u00ed fue donde aprovech\u00f3 para responderle al ex gobernador con un par de interrogantes.<\/p>\n\n\n\n<p>\u00abHay un ex gobernador que me critica, pero que no ha rendido cuentas en este caso\u00bb, anot\u00f3.<\/p>\n\n\n\n<p>Luego solt\u00f3 los cuestionamientos:<\/p>\n\n\n\n<p>\u00bfPor qu\u00e9 le quit\u00f3 la seguridad al licenciado Armando Chavarr\u00eda?<\/p>\n\n\n\n<p>\u00bfQui\u00e9n orden\u00f3 desaparecer el expediente del caso?<\/p>\n\n\n\n<p>Con esas preguntas cerr\u00f3 el espacio destinado para responder al ex gobernador perredista, luego se dedic\u00f3 a plantear las principales acciones de lo que ser\u00e1 su tercer rectorado en la UAGro.<\/p>\n\n\n\n<div class=\"wp-block-jetpack-slideshow aligncenter\" data-effect=\"slide\"><div class=\"wp-block-jetpack-slideshow_container swiper-container\"><ul class=\"wp-block-jetpack-slideshow_swiper-wrapper swiper-wrapper\"><li class=\"wp-block-jetpack-slideshow_slide swiper-slide\"><figure><img decoding=\"async\" src=\"data:image\/gif;base64,R0lGODlhAQABAIAAAAAAAP\/\/\/ywAAAAAAQABAAACAUwAOw==\" fifu-lazy=\"1\" fifu-data-sizes=\"auto\" fifu-data-srcset=\"https:\/\/i0.wp.com\/interaccionnoticias.com.mx\/wp-content\/uploads\/2023\/06\/230602-Javier-Saldana-2-1024x768.jpg?ssl=1&w=75&resize=75&ssl=1 75w, https:\/\/i0.wp.com\/interaccionnoticias.com.mx\/wp-content\/uploads\/2023\/06\/230602-Javier-Saldana-2-1024x768.jpg?ssl=1&w=100&resize=100&ssl=1 100w, https:\/\/i0.wp.com\/interaccionnoticias.com.mx\/wp-content\/uploads\/2023\/06\/230602-Javier-Saldana-2-1024x768.jpg?ssl=1&w=150&resize=150&ssl=1 150w, https:\/\/i0.wp.com\/interaccionnoticias.com.mx\/wp-content\/uploads\/2023\/06\/230602-Javier-Saldana-2-1024x768.jpg?ssl=1&w=240&resize=240&ssl=1 240w, https:\/\/i0.wp.com\/interaccionnoticias.com.mx\/wp-content\/uploads\/2023\/06\/230602-Javier-Saldana-2-1024x768.jpg?ssl=1&w=320&resize=320&ssl=1 320w, https:\/\/i0.wp.com\/interaccionnoticias.com.mx\/wp-content\/uploads\/2023\/06\/230602-Javier-Saldana-2-1024x768.jpg?ssl=1&w=500&resize=500&ssl=1 500w, https:\/\/i0.wp.com\/interaccionnoticias.com.mx\/wp-content\/uploads\/2023\/06\/230602-Javier-Saldana-2-1024x768.jpg?ssl=1&w=640&resize=640&ssl=1 640w, https:\/\/i0.wp.com\/interaccionnoticias.com.mx\/wp-content\/uploads\/2023\/06\/230602-Javier-Saldana-2-1024x768.jpg?ssl=1&w=800&resize=800&ssl=1 800w, https:\/\/i0.wp.com\/interaccionnoticias.com.mx\/wp-content\/uploads\/2023\/06\/230602-Javier-Saldana-2-1024x768.jpg?ssl=1&w=1024&resize=1024&ssl=1 1024w, https:\/\/i0.wp.com\/interaccionnoticias.com.mx\/wp-content\/uploads\/2023\/06\/230602-Javier-Saldana-2-1024x768.jpg?ssl=1&w=1280&resize=1280&ssl=1 1280w, https:\/\/i0.wp.com\/interaccionnoticias.com.mx\/wp-content\/uploads\/2023\/06\/230602-Javier-Saldana-2-1024x768.jpg?ssl=1&w=1600&resize=1600&ssl=1 1600w\" alt=\"\" class=\"wp-block-jetpack-slideshow_image wp-image-62846\" data-id=\"62846\" fifu-data-src=\"https:\/\/i0.wp.com\/interaccionnoticias.com.mx\/wp-content\/uploads\/2023\/06\/230602-Javier-Saldana-2-1024x768.jpg?ssl=1\"\/><\/figure><\/li><li class=\"wp-block-jetpack-slideshow_slide swiper-slide\"><figure><img decoding=\"async\" src=\"data:image\/gif;base64,R0lGODlhAQABAIAAAAAAAP\/\/\/ywAAAAAAQABAAACAUwAOw==\" fifu-lazy=\"1\" fifu-data-sizes=\"auto\" fifu-data-srcset=\"https:\/\/i3.wp.com\/interaccionnoticias.com.mx\/wp-content\/uploads\/2023\/06\/230602-Javier-Saldana-1-1024x768.jpg?ssl=1&w=75&resize=75&ssl=1 75w, https:\/\/i3.wp.com\/interaccionnoticias.com.mx\/wp-content\/uploads\/2023\/06\/230602-Javier-Saldana-1-1024x768.jpg?ssl=1&w=100&resize=100&ssl=1 100w, https:\/\/i3.wp.com\/interaccionnoticias.com.mx\/wp-content\/uploads\/2023\/06\/230602-Javier-Saldana-1-1024x768.jpg?ssl=1&w=150&resize=150&ssl=1 150w, https:\/\/i3.wp.com\/interaccionnoticias.com.mx\/wp-content\/uploads\/2023\/06\/230602-Javier-Saldana-1-1024x768.jpg?ssl=1&w=240&resize=240&ssl=1 240w, https:\/\/i3.wp.com\/interaccionnoticias.com.mx\/wp-content\/uploads\/2023\/06\/230602-Javier-Saldana-1-1024x768.jpg?ssl=1&w=320&resize=320&ssl=1 320w, https:\/\/i3.wp.com\/interaccionnoticias.com.mx\/wp-content\/uploads\/2023\/06\/230602-Javier-Saldana-1-1024x768.jpg?ssl=1&w=500&resize=500&ssl=1 500w, https:\/\/i3.wp.com\/interaccionnoticias.com.mx\/wp-content\/uploads\/2023\/06\/230602-Javier-Saldana-1-1024x768.jpg?ssl=1&w=640&resize=640&ssl=1 640w, https:\/\/i3.wp.com\/interaccionnoticias.com.mx\/wp-content\/uploads\/2023\/06\/230602-Javier-Saldana-1-1024x768.jpg?ssl=1&w=800&resize=800&ssl=1 800w, https:\/\/i3.wp.com\/interaccionnoticias.com.mx\/wp-content\/uploads\/2023\/06\/230602-Javier-Saldana-1-1024x768.jpg?ssl=1&w=1024&resize=1024&ssl=1 1024w, https:\/\/i3.wp.com\/interaccionnoticias.com.mx\/wp-content\/uploads\/2023\/06\/230602-Javier-Saldana-1-1024x768.jpg?ssl=1&w=1280&resize=1280&ssl=1 1280w, https:\/\/i3.wp.com\/interaccionnoticias.com.mx\/wp-content\/uploads\/2023\/06\/230602-Javier-Saldana-1-1024x768.jpg?ssl=1&w=1600&resize=1600&ssl=1 1600w\" alt=\"\" class=\"wp-block-jetpack-slideshow_image wp-image-62847\" data-id=\"62847\" fifu-data-src=\"https:\/\/i3.wp.com\/interaccionnoticias.com.mx\/wp-content\/uploads\/2023\/06\/230602-Javier-Saldana-1-1024x768.jpg?ssl=1\"\/><\/figure><\/li><\/ul><a class=\"wp-block-jetpack-slideshow_button-prev swiper-button-prev swiper-button-white\" role=\"button\"><\/a><a class=\"wp-block-jetpack-slideshow_button-next swiper-button-next swiper-button-white\" role=\"button\"><\/a><a aria-label=\"Pause Slideshow\" class=\"wp-block-jetpack-slideshow_button-pause\" role=\"button\"><\/a><div class=\"wp-block-jetpack-slideshow_pagination swiper-pagination swiper-pagination-white\"><\/div><\/div><\/div>\n","protected":false},"excerpt":{"rendered":"<p>&#8212; \u00bfPor qu\u00e9 le quit\u00f3 la seguridad?&#8212; \u00bfQui\u00e9n desapareci\u00f3 el expediente? Rogelio Agust\u00edn Tras ser se\u00f1alado como un hamp\u00f3n, el rector electo de la Universidad Aut\u00f3noma de Guerrero (UAGro), Javier&hellip; <\/p>\n","protected":false},"author":21,"featured_media":62847,"comment_status":"open","ping_status":"open","sticky":false,"template":"","format":"standard","meta":{"fifu_image_url":"","fifu_image_alt":"","footnotes":""},"categories":[30],"tags":[],"class_list":["post-62843","post","type-post","status-publish","format-standard","has-post-thumbnail","hentry","category-universidad"],"_links":{"self":[{"href":"https:\/\/www.interaccionnoticias.com.mx\/index.php?rest_route=\/wp\/v2\/posts\/62843","targetHints":{"allow":["GET"]}}],"collection":[{"href":"https:\/\/www.interaccionnoticias.com.mx\/index.php?rest_route=\/wp\/v2\/posts"}],"about":[{"href":"https:\/\/www.interaccionnoticias.com.mx\/index.php?rest_route=\/wp\/v2\/types\/post"}],"author":[{"embeddable":true,"href":"https:\/\/www.interaccionnoticias.com.mx\/index.php?rest_route=\/wp\/v2\/users\/21"}],"replies":[{"embeddable":true,"href":"https:\/\/www.interaccionnoticias.com.mx\/index.php?rest_route=%2Fwp%2Fv2%2Fcomments&post=62843"}],"version-history":[{"count":1,"href":"https:\/\/www.interaccionnoticias.com.mx\/index.php?rest_route=\/wp\/v2\/posts\/62843\/revisions"}],"predecessor-version":[{"id":62848,"href":"https:\/\/www.interaccionnoticias.com.mx\/index.php?rest_route=\/wp\/v2\/posts\/62843\/revisions\/62848"}],"wp:featuredmedia":[{"embeddable":true,"href":"https:\/\/www.interaccionnoticias.com.mx\/index.php?rest_route=\/wp\/v2\/media\/62847"}],"wp:attachment":[{"href":"https:\/\/www.interaccionnoticias.com.mx\/index.php?rest_route=%2Fwp%2Fv2%2Fmedia&parent=62843"}],"wp:term":[{"taxonomy":"category","embeddable":true,"href":"https:\/\/www.interaccionnoticias.com.mx\/index.php?rest_route=%2Fwp%2Fv2%2Fcategories&post=62843"},{"taxonomy":"post_tag","embeddable":true,"href":"https:\/\/www.interaccionnoticias.com.mx\/index.php?rest_route=%2Fwp%2Fv2%2Ftags&post=62843"}],"curies":[{"name":"wp","href":"https:\/\/api.w.org\/{rel}","templated":true}]}}