{"id":62832,"date":"2023-06-02T15:33:02","date_gmt":"2023-06-02T20:33:02","guid":{"rendered":"https:\/\/interaccionnoticias.com.mx\/?p=62832"},"modified":"2023-06-02T15:33:08","modified_gmt":"2023-06-02T20:33:08","slug":"reportan-la-desaparicion-de-dos-menores-de-7-y-15-anos-en-guerrero","status":"publish","type":"post","link":"https:\/\/www.interaccionnoticias.com.mx\/?p=62832","title":{"rendered":"Reportan la desaparici\u00f3n de dos menores de 7 y 15 a\u00f1os en Guerrero"},"content":{"rendered":"\n<p><strong><em>&#8212; En los municipios de Teloloapan y Eduardo Neri<\/em><\/strong><\/p>\n\n\n\n<p><strong>Rogelio Agust\u00edn<\/strong><\/p>\n\n\n\n<p>Una ni\u00f1a de siete a\u00f1os y una adolescente de 15 se encuentran desaparecidas en los municipios de Teloloapan y Eduardo Neri, en las regiones Norte y Centro del estado de Guerrero.<\/p>\n\n\n\n<p>El primer reporte corresponde a Madisson Scarlet Dom\u00ednguez Arroyo, de siete a\u00f1os de edad, quien fue reportada como desaparecido el jueves 1 de junio en la cabecera municipal de Teloloapan, en la regi\u00f3n Norte de la entidad.<\/p>\n\n\n\n<p>Madisson es de tez morena clara, delgada, su cabello es casta\u00f1o claro, cejas delgadas, ojos caf\u00e9s, nariz peque\u00f1a, boca mediana y labios delgados.<\/p>\n\n\n\n<p>La \u00faltima vez que se le mir\u00f3 vest\u00eda una playera de manga larga y color blancva, adem\u00e1s de pants color coral y tenis azules con rosa.<\/p>\n\n\n\n<p>A Madisson se le busca por medio de la Alerta Amber.<\/p>\n\n\n\n<p>Otra menor de edad que es buscada en Guerrero se report\u00f3 el 31 de mayo en la cabecera municipal de Eduardo Neri, en la zona Centro.<\/p>\n\n\n\n<p>Se trata de Mariana de jes\u00fas Tolentino, de 15 a\u00f1os de edad, morena, delgada. Cabello lacio y casta\u00f1o oscuro, adem\u00e1s de cejas escasas y nariz recta de base mediana, su boca es grande y de labios delgados.<\/p>\n\n\n\n<p>Tambi\u00e9n es buscada por medio de la Alerta Amber, en ambos casos, se teme que sean v\u00edctimas de un delito.<\/p>\n\n\n\n<p>Hay un tercer reporte que corresponde a Gabriela Josefina Hern\u00e1ndez G\u00f3mez, de 29 a\u00f1os de edad, quien es buscada pormedio del Protocolo Alba en Zihuatanejo desde el pasado 28 de mayo.<\/p>\n\n\n\n<figure class=\"wp-block-gallery has-nested-images columns-default is-cropped wp-block-gallery-1 is-layout-flex wp-block-gallery-is-layout-flex\">\n<figure class=\"wp-block-image size-large\"><img decoding=\"async\" src=\"data:image\/gif;base64,R0lGODlhAQABAIAAAAAAAP\/\/\/ywAAAAAAQABAAACAUwAOw==\" fifu-lazy=\"1\" fifu-data-sizes=\"auto\" fifu-data-srcset=\"https:\/\/i0.wp.com\/interaccionnoticias.com.mx\/wp-content\/uploads\/2023\/06\/230602-desaparicion-1-799x1024.jpg?ssl=1&w=75&resize=75&ssl=1 75w, https:\/\/i0.wp.com\/interaccionnoticias.com.mx\/wp-content\/uploads\/2023\/06\/230602-desaparicion-1-799x1024.jpg?ssl=1&w=100&resize=100&ssl=1 100w, https:\/\/i0.wp.com\/interaccionnoticias.com.mx\/wp-content\/uploads\/2023\/06\/230602-desaparicion-1-799x1024.jpg?ssl=1&w=150&resize=150&ssl=1 150w, https:\/\/i0.wp.com\/interaccionnoticias.com.mx\/wp-content\/uploads\/2023\/06\/230602-desaparicion-1-799x1024.jpg?ssl=1&w=240&resize=240&ssl=1 240w, https:\/\/i0.wp.com\/interaccionnoticias.com.mx\/wp-content\/uploads\/2023\/06\/230602-desaparicion-1-799x1024.jpg?ssl=1&w=320&resize=320&ssl=1 320w, https:\/\/i0.wp.com\/interaccionnoticias.com.mx\/wp-content\/uploads\/2023\/06\/230602-desaparicion-1-799x1024.jpg?ssl=1&w=500&resize=500&ssl=1 500w, https:\/\/i0.wp.com\/interaccionnoticias.com.mx\/wp-content\/uploads\/2023\/06\/230602-desaparicion-1-799x1024.jpg?ssl=1&w=640&resize=640&ssl=1 640w, https:\/\/i0.wp.com\/interaccionnoticias.com.mx\/wp-content\/uploads\/2023\/06\/230602-desaparicion-1-799x1024.jpg?ssl=1&w=800&resize=800&ssl=1 800w, https:\/\/i0.wp.com\/interaccionnoticias.com.mx\/wp-content\/uploads\/2023\/06\/230602-desaparicion-1-799x1024.jpg?ssl=1&w=1024&resize=1024&ssl=1 1024w, https:\/\/i0.wp.com\/interaccionnoticias.com.mx\/wp-content\/uploads\/2023\/06\/230602-desaparicion-1-799x1024.jpg?ssl=1&w=1280&resize=1280&ssl=1 1280w, https:\/\/i0.wp.com\/interaccionnoticias.com.mx\/wp-content\/uploads\/2023\/06\/230602-desaparicion-1-799x1024.jpg?ssl=1&w=1600&resize=1600&ssl=1 1600w\" data-id=\"62833\" fifu-data-src=\"https:\/\/i0.wp.com\/interaccionnoticias.com.mx\/wp-content\/uploads\/2023\/06\/230602-desaparicion-1-799x1024.jpg?ssl=1\" alt=\"\" class=\"wp-image-62833\"\/><\/figure>\n\n\n\n<figure class=\"wp-block-image size-large\"><img decoding=\"async\" src=\"data:image\/gif;base64,R0lGODlhAQABAIAAAAAAAP\/\/\/ywAAAAAAQABAAACAUwAOw==\" fifu-lazy=\"1\" fifu-data-sizes=\"auto\" fifu-data-srcset=\"https:\/\/i0.wp.com\/interaccionnoticias.com.mx\/wp-content\/uploads\/2023\/06\/230602-desaparicion-2.jpg?ssl=1&w=75&resize=75&ssl=1 75w, https:\/\/i0.wp.com\/interaccionnoticias.com.mx\/wp-content\/uploads\/2023\/06\/230602-desaparicion-2.jpg?ssl=1&w=100&resize=100&ssl=1 100w, https:\/\/i0.wp.com\/interaccionnoticias.com.mx\/wp-content\/uploads\/2023\/06\/230602-desaparicion-2.jpg?ssl=1&w=150&resize=150&ssl=1 150w, https:\/\/i0.wp.com\/interaccionnoticias.com.mx\/wp-content\/uploads\/2023\/06\/230602-desaparicion-2.jpg?ssl=1&w=240&resize=240&ssl=1 240w, https:\/\/i0.wp.com\/interaccionnoticias.com.mx\/wp-content\/uploads\/2023\/06\/230602-desaparicion-2.jpg?ssl=1&w=320&resize=320&ssl=1 320w, https:\/\/i0.wp.com\/interaccionnoticias.com.mx\/wp-content\/uploads\/2023\/06\/230602-desaparicion-2.jpg?ssl=1&w=500&resize=500&ssl=1 500w, https:\/\/i0.wp.com\/interaccionnoticias.com.mx\/wp-content\/uploads\/2023\/06\/230602-desaparicion-2.jpg?ssl=1&w=640&resize=640&ssl=1 640w, https:\/\/i0.wp.com\/interaccionnoticias.com.mx\/wp-content\/uploads\/2023\/06\/230602-desaparicion-2.jpg?ssl=1&w=800&resize=800&ssl=1 800w, https:\/\/i0.wp.com\/interaccionnoticias.com.mx\/wp-content\/uploads\/2023\/06\/230602-desaparicion-2.jpg?ssl=1&w=1024&resize=1024&ssl=1 1024w, https:\/\/i0.wp.com\/interaccionnoticias.com.mx\/wp-content\/uploads\/2023\/06\/230602-desaparicion-2.jpg?ssl=1&w=1280&resize=1280&ssl=1 1280w, https:\/\/i0.wp.com\/interaccionnoticias.com.mx\/wp-content\/uploads\/2023\/06\/230602-desaparicion-2.jpg?ssl=1&w=1600&resize=1600&ssl=1 1600w\" data-id=\"62834\" fifu-data-src=\"https:\/\/i0.wp.com\/interaccionnoticias.com.mx\/wp-content\/uploads\/2023\/06\/230602-desaparicion-2.jpg?ssl=1\" alt=\"\" class=\"wp-image-62834\"\/><\/figure>\n\n\n\n<figure class=\"wp-block-image size-large\"><img decoding=\"async\" src=\"data:image\/gif;base64,R0lGODlhAQABAIAAAAAAAP\/\/\/ywAAAAAAQABAAACAUwAOw==\" fifu-lazy=\"1\" fifu-data-sizes=\"auto\" fifu-data-srcset=\"https:\/\/i0.wp.com\/interaccionnoticias.com.mx\/wp-content\/uploads\/2023\/06\/230602-desaparicion-3.jpg?ssl=1&w=75&resize=75&ssl=1 75w, https:\/\/i0.wp.com\/interaccionnoticias.com.mx\/wp-content\/uploads\/2023\/06\/230602-desaparicion-3.jpg?ssl=1&w=100&resize=100&ssl=1 100w, https:\/\/i0.wp.com\/interaccionnoticias.com.mx\/wp-content\/uploads\/2023\/06\/230602-desaparicion-3.jpg?ssl=1&w=150&resize=150&ssl=1 150w, https:\/\/i0.wp.com\/interaccionnoticias.com.mx\/wp-content\/uploads\/2023\/06\/230602-desaparicion-3.jpg?ssl=1&w=240&resize=240&ssl=1 240w, https:\/\/i0.wp.com\/interaccionnoticias.com.mx\/wp-content\/uploads\/2023\/06\/230602-desaparicion-3.jpg?ssl=1&w=320&resize=320&ssl=1 320w, https:\/\/i0.wp.com\/interaccionnoticias.com.mx\/wp-content\/uploads\/2023\/06\/230602-desaparicion-3.jpg?ssl=1&w=500&resize=500&ssl=1 500w, https:\/\/i0.wp.com\/interaccionnoticias.com.mx\/wp-content\/uploads\/2023\/06\/230602-desaparicion-3.jpg?ssl=1&w=640&resize=640&ssl=1 640w, https:\/\/i0.wp.com\/interaccionnoticias.com.mx\/wp-content\/uploads\/2023\/06\/230602-desaparicion-3.jpg?ssl=1&w=800&resize=800&ssl=1 800w, https:\/\/i0.wp.com\/interaccionnoticias.com.mx\/wp-content\/uploads\/2023\/06\/230602-desaparicion-3.jpg?ssl=1&w=1024&resize=1024&ssl=1 1024w, https:\/\/i0.wp.com\/interaccionnoticias.com.mx\/wp-content\/uploads\/2023\/06\/230602-desaparicion-3.jpg?ssl=1&w=1280&resize=1280&ssl=1 1280w, https:\/\/i0.wp.com\/interaccionnoticias.com.mx\/wp-content\/uploads\/2023\/06\/230602-desaparicion-3.jpg?ssl=1&w=1600&resize=1600&ssl=1 1600w\" data-id=\"62835\" fifu-data-src=\"https:\/\/i0.wp.com\/interaccionnoticias.com.mx\/wp-content\/uploads\/2023\/06\/230602-desaparicion-3.jpg?ssl=1\" alt=\"\" class=\"wp-image-62835\"\/><\/figure>\n<\/figure>\n","protected":false},"excerpt":{"rendered":"<p>&#8212; En los municipios de Teloloapan y Eduardo Neri Rogelio Agust\u00edn Una ni\u00f1a de siete a\u00f1os y una adolescente de 15 se encuentran desaparecidas en los municipios de Teloloapan y&hellip; <\/p>\n","protected":false},"author":21,"featured_media":48747,"comment_status":"open","ping_status":"open","sticky":false,"template":"","format":"standard","meta":{"fifu_image_url":"","fifu_image_alt":"","footnotes":""},"categories":[27],"tags":[],"class_list":["post-62832","post","type-post","status-publish","format-standard","has-post-thumbnail","hentry","category-seguridad-publica"],"_links":{"self":[{"href":"https:\/\/www.interaccionnoticias.com.mx\/index.php?rest_route=\/wp\/v2\/posts\/62832","targetHints":{"allow":["GET"]}}],"collection":[{"href":"https:\/\/www.interaccionnoticias.com.mx\/index.php?rest_route=\/wp\/v2\/posts"}],"about":[{"href":"https:\/\/www.interaccionnoticias.com.mx\/index.php?rest_route=\/wp\/v2\/types\/post"}],"author":[{"embeddable":true,"href":"https:\/\/www.interaccionnoticias.com.mx\/index.php?rest_route=\/wp\/v2\/users\/21"}],"replies":[{"embeddable":true,"href":"https:\/\/www.interaccionnoticias.com.mx\/index.php?rest_route=%2Fwp%2Fv2%2Fcomments&post=62832"}],"version-history":[{"count":1,"href":"https:\/\/www.interaccionnoticias.com.mx\/index.php?rest_route=\/wp\/v2\/posts\/62832\/revisions"}],"predecessor-version":[{"id":62836,"href":"https:\/\/www.interaccionnoticias.com.mx\/index.php?rest_route=\/wp\/v2\/posts\/62832\/revisions\/62836"}],"wp:featuredmedia":[{"embeddable":true,"href":"https:\/\/www.interaccionnoticias.com.mx\/index.php?rest_route=\/wp\/v2\/media\/48747"}],"wp:attachment":[{"href":"https:\/\/www.interaccionnoticias.com.mx\/index.php?rest_route=%2Fwp%2Fv2%2Fmedia&parent=62832"}],"wp:term":[{"taxonomy":"category","embeddable":true,"href":"https:\/\/www.interaccionnoticias.com.mx\/index.php?rest_route=%2Fwp%2Fv2%2Fcategories&post=62832"},{"taxonomy":"post_tag","embeddable":true,"href":"https:\/\/www.interaccionnoticias.com.mx\/index.php?rest_route=%2Fwp%2Fv2%2Ftags&post=62832"}],"curies":[{"name":"wp","href":"https:\/\/api.w.org\/{rel}","templated":true}]}}