{"id":62828,"date":"2023-06-02T15:01:33","date_gmt":"2023-06-02T20:01:33","guid":{"rendered":"https:\/\/interaccionnoticias.com.mx\/?p=62828"},"modified":"2023-06-02T15:01:35","modified_gmt":"2023-06-02T20:01:35","slug":"en-junio-diputados-amenazados-de-muerte-se-reincorporaran-a-las-sesiones-del-congreso-de-manera-presencial","status":"publish","type":"post","link":"https:\/\/www.interaccionnoticias.com.mx\/?p=62828","title":{"rendered":"En junio, diputados amenazados de muerte se reincorporar\u00e1n a las sesiones del Congreso, de manera presencial"},"content":{"rendered":"\n<p><em><strong>No han acumulado faltas, porque primero las justificaron y luego sesionaron de manera virtual<\/strong><\/em><\/p>\n\n\n\n<p><strong>Rogelio Agust\u00edn<\/strong><\/p>\n\n\n\n<p>La presidenta de la Junta de Coordinaci\u00f3n Pol\u00edtica (JUCOPO) del Congreso local, Yoloczin Dom\u00ednguez Serna confirm\u00f3 que hasta el momento, ninguno de los diputados presuntamente amenazados por el crimen organizado a requerido medidas cautelares, por lo que se espera que pronto se incorporen a las sesiones de manera presencial.<\/p>\n\n\n\n<p>Desde el 8 de abril, se dio a conocer la existencia de una carta drigida a la gobernadora Evelyn Salgado Pineda, en la que 11 presidentes municipales y cuatro diputados locales del PRI y del PRD dan a conocer la existencia de amenazas de muerte en su contra.<\/p>\n\n\n\n<p>Desde ese momento, el priista Adolfo Torales Catal\u00e1n, junto con las perredistas Elzy Camacho Pineda y Susana Paola Ju\u00e1rez G\u00f3mez no se han presentado a sesionar de manera presencial.<\/p>\n\n\n\n<p>Esta semana, con el \u00e1nimo de no acumular faltas y evitar que se convoque a los suplentes, los diputados decidieron sesionar de manera virtual.<\/p>\n\n\n\n<p>Solamente la priista Flor A\u00f1orve Ocampo, quien particip\u00f3 en las reuniones realizadas en Tierra Caliente ya se reincorpor\u00f3 a su curul.<\/p>\n\n\n\n<p>El jueves de la semana que est\u00e1 en curso, el secretario general de Gobierno, Ludwid Marcial Reynoso N\u00fa\u00f1ez se\u00f1al\u00f3 que hasta el momento ninguno de los presuntamente amenazados ha requerido la asignaci\u00f3n de medidas cautelares, pero anot\u00f3 que el Gobierno de Guerrero est\u00e1 en la disposici\u00f3n de asignarlas.<\/p>\n\n\n\n<p>Cuestionada sobre el tema, la presidenta de la JUCOPO se\u00f1al\u00f3 que hasta el momento, ninguno de los diputados presuntamente amenazados ha reportado la existencia de amenazas en su contra.<\/p>\n\n\n\n<p>Incluso, dijo que el tema lo dialog\u00f3 con los coordinadores de los grupos parlamentarios del PRI y del PRD, quienes manifestaron que sus compa\u00f1eros estaban bien.<\/p>\n\n\n\n<p>Como han tenido el cuidado de solicitar los permisos correspondientes, adem\u00e1s de sesionar a distancia, dijo que no tienen ning\u00fan tipo de problema.<\/p>\n\n\n\n<p>La tambi\u00e9n coordinadora de MORENA, refiri\u00f3 que se espera que durante el mes que inicia, sus compa\u00f1eros se presenten a sesionar de manera presencial, habida cuenta de que se les han dado todas las garant\u00edas para que realicen sus traslados sin complicaciones.<\/p>\n","protected":false},"excerpt":{"rendered":"<p>No han acumulado faltas, porque primero las justificaron y luego sesionaron de manera virtual Rogelio Agust\u00edn La presidenta de la Junta de Coordinaci\u00f3n Pol\u00edtica (JUCOPO) del Congreso local, Yoloczin Dom\u00ednguez&hellip; <\/p>\n","protected":false},"author":21,"featured_media":62829,"comment_status":"open","ping_status":"open","sticky":false,"template":"","format":"standard","meta":{"fifu_image_url":"","fifu_image_alt":"","footnotes":""},"categories":[2],"tags":[],"class_list":["post-62828","post","type-post","status-publish","format-standard","has-post-thumbnail","hentry","category-congreso"],"_links":{"self":[{"href":"https:\/\/www.interaccionnoticias.com.mx\/index.php?rest_route=\/wp\/v2\/posts\/62828","targetHints":{"allow":["GET"]}}],"collection":[{"href":"https:\/\/www.interaccionnoticias.com.mx\/index.php?rest_route=\/wp\/v2\/posts"}],"about":[{"href":"https:\/\/www.interaccionnoticias.com.mx\/index.php?rest_route=\/wp\/v2\/types\/post"}],"author":[{"embeddable":true,"href":"https:\/\/www.interaccionnoticias.com.mx\/index.php?rest_route=\/wp\/v2\/users\/21"}],"replies":[{"embeddable":true,"href":"https:\/\/www.interaccionnoticias.com.mx\/index.php?rest_route=%2Fwp%2Fv2%2Fcomments&post=62828"}],"version-history":[{"count":1,"href":"https:\/\/www.interaccionnoticias.com.mx\/index.php?rest_route=\/wp\/v2\/posts\/62828\/revisions"}],"predecessor-version":[{"id":62830,"href":"https:\/\/www.interaccionnoticias.com.mx\/index.php?rest_route=\/wp\/v2\/posts\/62828\/revisions\/62830"}],"wp:featuredmedia":[{"embeddable":true,"href":"https:\/\/www.interaccionnoticias.com.mx\/index.php?rest_route=\/wp\/v2\/media\/62829"}],"wp:attachment":[{"href":"https:\/\/www.interaccionnoticias.com.mx\/index.php?rest_route=%2Fwp%2Fv2%2Fmedia&parent=62828"}],"wp:term":[{"taxonomy":"category","embeddable":true,"href":"https:\/\/www.interaccionnoticias.com.mx\/index.php?rest_route=%2Fwp%2Fv2%2Fcategories&post=62828"},{"taxonomy":"post_tag","embeddable":true,"href":"https:\/\/www.interaccionnoticias.com.mx\/index.php?rest_route=%2Fwp%2Fv2%2Ftags&post=62828"}],"curies":[{"name":"wp","href":"https:\/\/api.w.org\/{rel}","templated":true}]}}