{"id":62822,"date":"2023-06-02T14:45:38","date_gmt":"2023-06-02T19:45:38","guid":{"rendered":"https:\/\/interaccionnoticias.com.mx\/?p=62822"},"modified":"2023-06-02T14:45:46","modified_gmt":"2023-06-02T19:45:46","slug":"asesinan-a-locutor-de-radio-y-narrador-de-jaripeos-en-iguala-de-la-independencia","status":"publish","type":"post","link":"https:\/\/www.interaccionnoticias.com.mx\/?p=62822","title":{"rendered":"Asesinan a locutor de radio y narrador de jaripeos, en Iguala de la Independencia"},"content":{"rendered":"\n<p><em><strong>&#8212; Hay otro herido, pero se desconoce la identidad<\/strong><\/em><\/p>\n\n\n\n<p><strong>Jes\u00fas Dorantes<\/strong><\/p>\n\n\n\n<p><strong>Chilpancingo, Gro.-<\/strong> El locutor de radio y narrador de jaripeos, Pablo Salgado Espinoza conocido como el \u201cClavo Camale\u00f3n\u201d, fue asesinado a tiros cuando circulaba en su veh\u00edculo en el perif\u00e9rico sur del municipio de Iguala de la Independencia.<\/p>\n\n\n\n<p>Alrededor de la 10:00 horas del viernes, al servicio de emergencias 911 se report\u00f3 un ataque armado en contra de una camioneta de la marca Nissan, color blanco tipo X trail, sobre el perif\u00e9rico sur y la calle Pineda.<\/p>\n\n\n\n<p>Luego de arribar, elementos de la Secretar\u00eda de Seguridad P\u00fablica (SSP) y de la Guardia Nacional (GN) confirmaron la ue la v\u00edctima era el locutor de radio, adem\u00e1s de otra persona que result\u00f3 herida, sin que hasta el momento se establezca la identidad.<\/p>\n\n\n\n<p>En el lugar se localizaron 10 casquillos percutidos, adem\u00e1s de que la zona fue asegurada por la polic\u00eda, mientras se llevaban a cabo las diligencias de ley por parte de Elementos de la Fiscal\u00eda General del Estado (FGE) y llegaba el personal del Servicio M\u00e9dico Forense (SEMEFO).<\/p>\n\n\n\n<p>Adem\u00e1s de narrar jaripeos, Pablo Salgado Espinoza participaba los s\u00e1bados en el programa de radio \u201cLos Grandes del Jaripeo\u201d que se transmite en el 106.5 FM la Grande de Iguala, adem\u00e1s de que realizaba grabaciones de spots para eventos del mismo rubro.<\/p>\n\n\n\n<p>No hay detenidos por el hecho.<\/p>\n","protected":false},"excerpt":{"rendered":"<p>&#8212; Hay otro herido, pero se desconoce la identidad Jes\u00fas Dorantes Chilpancingo, Gro.- El locutor de radio y narrador de jaripeos, Pablo Salgado Espinoza conocido como el \u201cClavo Camale\u00f3n\u201d, fue&hellip; <\/p>\n","protected":false},"author":8,"featured_media":62823,"comment_status":"open","ping_status":"open","sticky":false,"template":"","format":"standard","meta":{"fifu_image_url":"","fifu_image_alt":"","footnotes":""},"categories":[27],"tags":[],"class_list":["post-62822","post","type-post","status-publish","format-standard","has-post-thumbnail","hentry","category-seguridad-publica"],"_links":{"self":[{"href":"https:\/\/www.interaccionnoticias.com.mx\/index.php?rest_route=\/wp\/v2\/posts\/62822","targetHints":{"allow":["GET"]}}],"collection":[{"href":"https:\/\/www.interaccionnoticias.com.mx\/index.php?rest_route=\/wp\/v2\/posts"}],"about":[{"href":"https:\/\/www.interaccionnoticias.com.mx\/index.php?rest_route=\/wp\/v2\/types\/post"}],"author":[{"embeddable":true,"href":"https:\/\/www.interaccionnoticias.com.mx\/index.php?rest_route=\/wp\/v2\/users\/8"}],"replies":[{"embeddable":true,"href":"https:\/\/www.interaccionnoticias.com.mx\/index.php?rest_route=%2Fwp%2Fv2%2Fcomments&post=62822"}],"version-history":[{"count":1,"href":"https:\/\/www.interaccionnoticias.com.mx\/index.php?rest_route=\/wp\/v2\/posts\/62822\/revisions"}],"predecessor-version":[{"id":62824,"href":"https:\/\/www.interaccionnoticias.com.mx\/index.php?rest_route=\/wp\/v2\/posts\/62822\/revisions\/62824"}],"wp:featuredmedia":[{"embeddable":true,"href":"https:\/\/www.interaccionnoticias.com.mx\/index.php?rest_route=\/wp\/v2\/media\/62823"}],"wp:attachment":[{"href":"https:\/\/www.interaccionnoticias.com.mx\/index.php?rest_route=%2Fwp%2Fv2%2Fmedia&parent=62822"}],"wp:term":[{"taxonomy":"category","embeddable":true,"href":"https:\/\/www.interaccionnoticias.com.mx\/index.php?rest_route=%2Fwp%2Fv2%2Fcategories&post=62822"},{"taxonomy":"post_tag","embeddable":true,"href":"https:\/\/www.interaccionnoticias.com.mx\/index.php?rest_route=%2Fwp%2Fv2%2Ftags&post=62822"}],"curies":[{"name":"wp","href":"https:\/\/api.w.org\/{rel}","templated":true}]}}