{"id":62816,"date":"2023-06-01T21:05:57","date_gmt":"2023-06-02T02:05:57","guid":{"rendered":"https:\/\/interaccionnoticias.com.mx\/?p=62816"},"modified":"2023-06-01T21:05:59","modified_gmt":"2023-06-02T02:05:59","slug":"anuncian-caravana-de-acapulco-hacia-el-charco-a-25-anos-de-la-masacre-de-11-indigenas-mixtecos","status":"publish","type":"post","link":"https:\/\/www.interaccionnoticias.com.mx\/?p=62816","title":{"rendered":"Anuncian caravana de Acapulco hacia El Charco, a 25 a\u00f1os de la masacre de 11 ind\u00edgenas mixtecos"},"content":{"rendered":"\n<p><strong><em>&#8212; El obispo Ra\u00fal Vera, los activistas Erika Zamora y Efr\u00e9n Cort\u00e9s, entre los participantes<\/em><\/strong><\/p>\n\n\n\n<p><strong>Rogelio Agust\u00edn<\/strong><\/p>\n\n\n\n<p>El obispo Ra\u00fal Vera L\u00f3pez encabezar\u00e1 una caravana que partir\u00e1 de Acapulco hacia la comunidad del Charco, municipio de Ayutla de los Libres, para conmemorar el 25 aniversario de la masacre de 11 ind\u00edgenas mixtecos en la Sierra de la Concordia, en la Costa Chica de la entidad.<\/p>\n\n\n\n<p>La caravana es anunciada por la Red Solidaria D\u00e9cada Contra la Impunidad Asociaci\u00f3n Civil (RSDCIAC), que representan Ericka Zamora Pardo y Efr\u00e9n Cort\u00e9s Ch\u00e1vez, sobrevivientes a dicha masacre y presos pol\u00edticos durante varios a\u00f1os.<\/p>\n\n\n\n<p>En la convocatoria que comenz\u00f3 a circular este jueves, se se\u00f1ala que entre las v\u00edctimas mortales del 7 de junio de 1998 estuvo Ricardo Zavala Tap\u00eca, estudiante de la Universidad Nacional Aut\u00f3noma de M\u00e9xico (UNAM).<\/p>\n\n\n\n<p>Adem\u00e1s del obispo Vera, Erika Zamora y Efr\u00e9n Cort\u00e9s, participar\u00e1n en la caravana familiares de Ricardo Zavala y activistas de diferentes organizaciones sociales.<\/p>\n\n\n\n<p>La caravana saldr\u00e1 de Acapulco durante las primeras horas del 7 de junio en Acapulco, para llegar al Charco y particularmente a la primaria Caritino Madonado P\u00e9rez, donde se suscit\u00f3 el ataque por parte de elementos del Ej\u00e9rcito Mexicano.<\/p>\n\n\n\n<p>A 25 a\u00f1os de distancia, los sobrevivientes se\u00f1alan que pasaron la nmoche en las instalaciones de la primaria, porque participar\u00edan en una asamblea comunitaria, en ella se tratar\u00edan temas como el impulso de proyectos productivos y educativos.<\/p>\n\n\n\n<p>\u201cEsa madrugada del 7 de junio, integrantes del ej\u00e9rcito mexicano rodearon la primaria, dispararon y lanzaron dos granadas de fragmentaci\u00f3n, ejecutando a 10 ind\u00edgenas y al universitario Ricardo Zavala Tapia\u201d, refiere un texto que acompa\u00f1a la comvocatoria.<\/p>\n\n\n\n<p>Contin\u00faa: \u201cDetuvieron a ind\u00edgenas y la universitaria Erika Zamora Pardo junto con el activista social Efr\u00e9n Cort\u00e9s Ch\u00e1vez, traslad\u00e1ndolos a todos a cuartel militar, donde Ericka y Efr\u00e9n fueron torturados por militares, entre ellos han se\u00f1alado a Juan Alfredo Oropeza Garnica y Luis Humberto L\u00f3pez Portillo Leal, posteriormente fueron procesados, trasladados al penal de alta seguridad y es hasta el 30 de mayo de 2002 que ambos fueron absueltos\u201d.<\/p>\n\n\n\n<p>Tras la masacre del Charco, sali\u00f3 a la luz la existencia del Ej\u00e9rcito Revolucionario del Pueblo Insurgente (ERPI), una escici\u00f3n del Ej\u00e9rcito Popular Revolucionario (EPR), las \u00faltimas organizaciones guerrilleras de las que se tiene informaci\u00f3n en Guerrero.<\/p>\n","protected":false},"excerpt":{"rendered":"<p>&#8212; El obispo Ra\u00fal Vera, los activistas Erika Zamora y Efr\u00e9n Cort\u00e9s, entre los participantes Rogelio Agust\u00edn El obispo Ra\u00fal Vera L\u00f3pez encabezar\u00e1 una caravana que partir\u00e1 de Acapulco hacia&hellip; <\/p>\n","protected":false},"author":21,"featured_media":62817,"comment_status":"open","ping_status":"open","sticky":false,"template":"","format":"standard","meta":{"fifu_image_url":"","fifu_image_alt":"","footnotes":""},"categories":[15],"tags":[],"class_list":["post-62816","post","type-post","status-publish","format-standard","has-post-thumbnail","hentry","category-movimientos-sociales"],"_links":{"self":[{"href":"https:\/\/www.interaccionnoticias.com.mx\/index.php?rest_route=\/wp\/v2\/posts\/62816","targetHints":{"allow":["GET"]}}],"collection":[{"href":"https:\/\/www.interaccionnoticias.com.mx\/index.php?rest_route=\/wp\/v2\/posts"}],"about":[{"href":"https:\/\/www.interaccionnoticias.com.mx\/index.php?rest_route=\/wp\/v2\/types\/post"}],"author":[{"embeddable":true,"href":"https:\/\/www.interaccionnoticias.com.mx\/index.php?rest_route=\/wp\/v2\/users\/21"}],"replies":[{"embeddable":true,"href":"https:\/\/www.interaccionnoticias.com.mx\/index.php?rest_route=%2Fwp%2Fv2%2Fcomments&post=62816"}],"version-history":[{"count":1,"href":"https:\/\/www.interaccionnoticias.com.mx\/index.php?rest_route=\/wp\/v2\/posts\/62816\/revisions"}],"predecessor-version":[{"id":62818,"href":"https:\/\/www.interaccionnoticias.com.mx\/index.php?rest_route=\/wp\/v2\/posts\/62816\/revisions\/62818"}],"wp:featuredmedia":[{"embeddable":true,"href":"https:\/\/www.interaccionnoticias.com.mx\/index.php?rest_route=\/wp\/v2\/media\/62817"}],"wp:attachment":[{"href":"https:\/\/www.interaccionnoticias.com.mx\/index.php?rest_route=%2Fwp%2Fv2%2Fmedia&parent=62816"}],"wp:term":[{"taxonomy":"category","embeddable":true,"href":"https:\/\/www.interaccionnoticias.com.mx\/index.php?rest_route=%2Fwp%2Fv2%2Fcategories&post=62816"},{"taxonomy":"post_tag","embeddable":true,"href":"https:\/\/www.interaccionnoticias.com.mx\/index.php?rest_route=%2Fwp%2Fv2%2Ftags&post=62816"}],"curies":[{"name":"wp","href":"https:\/\/api.w.org\/{rel}","templated":true}]}}