{"id":62813,"date":"2023-06-01T21:02:11","date_gmt":"2023-06-02T02:02:11","guid":{"rendered":"https:\/\/interaccionnoticias.com.mx\/?p=62813"},"modified":"2023-06-01T21:02:13","modified_gmt":"2023-06-02T02:02:13","slug":"marcharan-contra-la-violencia-y-marginacion","status":"publish","type":"post","link":"https:\/\/www.interaccionnoticias.com.mx\/?p=62813","title":{"rendered":"Marchar\u00e1n contra la violencia y marginaci\u00f3n"},"content":{"rendered":"\n<p><strong><em>&#8212; Anuncian protesta por orgullo Gay en Acapulco<br>&#8212; \u201cExigiremos derechos para nuestro sector\u201d:<\/em><\/strong><\/p>\n\n\n\n<p><strong>Javier Trujillo<\/strong><\/p>\n\n\n\n<p><strong>Acapulco, Gro. \u2013 <\/strong>Integrantes de la comunidad LGTB, manifestaron que al interior de los diversos grupos de los colectivos la mayor preocupaci\u00f3n que enfrentan es la violencia y la marginaci\u00f3n en el estado de Guerrero.<\/p>\n\n\n\n<p>Anunciaron una marcha el pr\u00f3ximo s\u00e1bado 4 del mes de junio, la cual se llevar\u00e1 a cabo en la playa Condesa, bajo el slogan \u201cJunio se viste de colores\u201d, y tendr\u00e1 la ruta en la costera Miguel Alem\u00e1n en Acapulco.<\/p>\n\n\n\n<p>Los integrantes del colectivo LGTB, en conferencia de prensa, dijeron que ser\u00e1 la tercera Marcha con Orgullo 2023, misma que se llevar\u00e1 a cabo en la principal arteria tur\u00edstica del puerto.<\/p>\n\n\n\n<p>Lucero Castro, explic\u00f3 que ser\u00e1 una marcha para hacer presencia, para exigir los derechos que se tienen, y que marchar\u00e1n por los derechos para nuestro sector, dijo la coordinadora del evento.<\/p>\n\n\n\n<p>\u201cDe lo que se trata es que no solo sea la marcha, sino que se convierta en un movimiento para exigir que se respeten los derechos de este sector que tiene la sociedad\u201d, remarc\u00f3 Lucero Castro.<\/p>\n\n\n\n<p>En conferencia, en las instalaciones de la discoteca Euforia, la coordinadora y organizadora de la Marcha con Orgullo Gay, Castro Mart\u00ednez dijo que se llevar\u00e1 a cabo el 04 de junio a partir de las 17;30 horas.<\/p>\n\n\n\n<p>Los organizadores, esperan la participaci\u00f3n de 300 personas que conforman los colectivos de la comunidad LGTB, y la marcha por el orgullo habr\u00e1 de concluir en la discoteca con raz\u00f3n social \u201cEuforia\u201d.<\/p>\n\n\n\n<p>As\u00ed, la marcha de la diversidad sexual se realizar\u00e1 por tercer a\u00f1o consecutivo en el puerto de Acapulco de la comunidad LGBTTTI+.<\/p>\n\n\n\n<p>\u201cLo m\u00e1s importante es hacer entender a la sociedad que no solo se marchar\u00e1 para una fiesta sino tambi\u00e9n para visibilizar y crear conciencia hacer valer los derechos de la diversidad sexual\u201d, dijo.<\/p>\n","protected":false},"excerpt":{"rendered":"<p>&#8212; Anuncian protesta por orgullo Gay en Acapulco&#8212; \u201cExigiremos derechos para nuestro sector\u201d: Javier Trujillo Acapulco, Gro. \u2013 Integrantes de la comunidad LGTB, manifestaron que al interior de los diversos&hellip; <\/p>\n","protected":false},"author":3,"featured_media":62814,"comment_status":"open","ping_status":"open","sticky":false,"template":"","format":"standard","meta":{"fifu_image_url":"","fifu_image_alt":"","footnotes":""},"categories":[29],"tags":[],"class_list":["post-62813","post","type-post","status-publish","format-standard","has-post-thumbnail","hentry","category-sociedad"],"_links":{"self":[{"href":"https:\/\/www.interaccionnoticias.com.mx\/index.php?rest_route=\/wp\/v2\/posts\/62813","targetHints":{"allow":["GET"]}}],"collection":[{"href":"https:\/\/www.interaccionnoticias.com.mx\/index.php?rest_route=\/wp\/v2\/posts"}],"about":[{"href":"https:\/\/www.interaccionnoticias.com.mx\/index.php?rest_route=\/wp\/v2\/types\/post"}],"author":[{"embeddable":true,"href":"https:\/\/www.interaccionnoticias.com.mx\/index.php?rest_route=\/wp\/v2\/users\/3"}],"replies":[{"embeddable":true,"href":"https:\/\/www.interaccionnoticias.com.mx\/index.php?rest_route=%2Fwp%2Fv2%2Fcomments&post=62813"}],"version-history":[{"count":1,"href":"https:\/\/www.interaccionnoticias.com.mx\/index.php?rest_route=\/wp\/v2\/posts\/62813\/revisions"}],"predecessor-version":[{"id":62815,"href":"https:\/\/www.interaccionnoticias.com.mx\/index.php?rest_route=\/wp\/v2\/posts\/62813\/revisions\/62815"}],"wp:featuredmedia":[{"embeddable":true,"href":"https:\/\/www.interaccionnoticias.com.mx\/index.php?rest_route=\/wp\/v2\/media\/62814"}],"wp:attachment":[{"href":"https:\/\/www.interaccionnoticias.com.mx\/index.php?rest_route=%2Fwp%2Fv2%2Fmedia&parent=62813"}],"wp:term":[{"taxonomy":"category","embeddable":true,"href":"https:\/\/www.interaccionnoticias.com.mx\/index.php?rest_route=%2Fwp%2Fv2%2Fcategories&post=62813"},{"taxonomy":"post_tag","embeddable":true,"href":"https:\/\/www.interaccionnoticias.com.mx\/index.php?rest_route=%2Fwp%2Fv2%2Ftags&post=62813"}],"curies":[{"name":"wp","href":"https:\/\/api.w.org\/{rel}","templated":true}]}}