{"id":62795,"date":"2023-06-01T17:33:02","date_gmt":"2023-06-01T22:33:02","guid":{"rendered":"https:\/\/interaccionnoticias.com.mx\/?p=62795"},"modified":"2023-06-01T17:34:42","modified_gmt":"2023-06-01T22:34:42","slug":"profesores-de-la-ceneima-toman-oficinas-de-la-seg-tras-cancelarse-reunion","status":"publish","type":"post","link":"https:\/\/www.interaccionnoticias.com.mx\/?p=62795","title":{"rendered":"Profesores de la CENEIMA toman oficinas de la SEG, tras cancelarse reuni\u00f3n"},"content":{"rendered":"\n<p><strong><em>&#8212; Advierten que se les pretende afectar laboralmente<\/em><\/strong><\/p>\n\n\n\n<p><strong>Jes\u00fas Dorantes<\/strong><\/p>\n\n\n\n<p><strong>Chilpancingo, Gro.-<\/strong> Maestros de la Centenaria Escuela Normal del Estado Ignacio Manuel Altamirano (CENEIMA), tomaron las instalaciones de la Direcci\u00f3n General de Operaciones y Servicios de Educaci\u00f3n Media Superior y Superior, tras suspenderse una reuni\u00f3n con autoridades de la Secretar\u00eda de Educaci\u00f3n Guerrero (SEG).<\/p>\n\n\n\n<p>Los docentes arribaron hasta la colonia Bur\u00f3cratas pasadas las 10:00 horas, d\u00f3nde cerraron las oficinas antes mencionadas para colocar cadenas y candados en la reja principal que da acceso al inmueble, adem\u00e1s de una lona en la que se detalla su pliego petitorio.<\/p>\n\n\n\n<p>La profesora de la CENEIMA, Ana Isabel Jorge Alarc\u00f3n denunci\u00f3 que el 01 de junio se tenia pactada ya una reuni\u00f3n con representantes de la SEG, pero sin ofrecer alguna justificaci\u00f3n o reagendarla, les fue cancelada.<\/p>\n\n\n\n<p>Otro profesor, Jorge Alarc\u00f3n, explic\u00f3 que en dicha reuni\u00f3n expondr\u00eda su preocupaci\u00f3n ante la llegada de m\u00e1s docentes federales, lo que implica la reducci\u00f3n de la matr\u00edcula de trabajadores por parte del Estado, lo que representa una reducci\u00f3n de horas frente a grupo y un exceso de maestros impartiendo clases.<\/p>\n\n\n\n<p>Hasta el momento, en la CENEIMA existen m\u00e1s de 60 maestros frente a grupo, no se cuenta con las aulas suficientes y temen que los intenten desplazar, por lo que no van a liberar las oficinas alternas de la SEG, hasta que sean atendidos y se les garantice que no van a sufrir afectaciones.<\/p>\n","protected":false},"excerpt":{"rendered":"<p>&#8212; Advierten que se les pretende afectar laboralmente Jes\u00fas Dorantes Chilpancingo, Gro.- Maestros de la Centenaria Escuela Normal del Estado Ignacio Manuel Altamirano (CENEIMA), tomaron las instalaciones de la Direcci\u00f3n&hellip; <\/p>\n","protected":false},"author":8,"featured_media":62796,"comment_status":"open","ping_status":"open","sticky":false,"template":"","format":"standard","meta":{"fifu_image_url":"","fifu_image_alt":"","footnotes":""},"categories":[6],"tags":[],"class_list":["post-62795","post","type-post","status-publish","format-standard","has-post-thumbnail","hentry","category-educacion"],"_links":{"self":[{"href":"https:\/\/www.interaccionnoticias.com.mx\/index.php?rest_route=\/wp\/v2\/posts\/62795","targetHints":{"allow":["GET"]}}],"collection":[{"href":"https:\/\/www.interaccionnoticias.com.mx\/index.php?rest_route=\/wp\/v2\/posts"}],"about":[{"href":"https:\/\/www.interaccionnoticias.com.mx\/index.php?rest_route=\/wp\/v2\/types\/post"}],"author":[{"embeddable":true,"href":"https:\/\/www.interaccionnoticias.com.mx\/index.php?rest_route=\/wp\/v2\/users\/8"}],"replies":[{"embeddable":true,"href":"https:\/\/www.interaccionnoticias.com.mx\/index.php?rest_route=%2Fwp%2Fv2%2Fcomments&post=62795"}],"version-history":[{"count":1,"href":"https:\/\/www.interaccionnoticias.com.mx\/index.php?rest_route=\/wp\/v2\/posts\/62795\/revisions"}],"predecessor-version":[{"id":62797,"href":"https:\/\/www.interaccionnoticias.com.mx\/index.php?rest_route=\/wp\/v2\/posts\/62795\/revisions\/62797"}],"wp:featuredmedia":[{"embeddable":true,"href":"https:\/\/www.interaccionnoticias.com.mx\/index.php?rest_route=\/wp\/v2\/media\/62796"}],"wp:attachment":[{"href":"https:\/\/www.interaccionnoticias.com.mx\/index.php?rest_route=%2Fwp%2Fv2%2Fmedia&parent=62795"}],"wp:term":[{"taxonomy":"category","embeddable":true,"href":"https:\/\/www.interaccionnoticias.com.mx\/index.php?rest_route=%2Fwp%2Fv2%2Fcategories&post=62795"},{"taxonomy":"post_tag","embeddable":true,"href":"https:\/\/www.interaccionnoticias.com.mx\/index.php?rest_route=%2Fwp%2Fv2%2Ftags&post=62795"}],"curies":[{"name":"wp","href":"https:\/\/api.w.org\/{rel}","templated":true}]}}