{"id":62789,"date":"2023-06-01T17:26:10","date_gmt":"2023-06-01T22:26:10","guid":{"rendered":"https:\/\/interaccionnoticias.com.mx\/?p=62789"},"modified":"2023-06-01T17:26:13","modified_gmt":"2023-06-01T22:26:13","slug":"prd-hay-en-guerrero-un-iepc-debil-sometido-al-partido-en-el-gobierno","status":"publish","type":"post","link":"https:\/\/www.interaccionnoticias.com.mx\/?p=62789","title":{"rendered":"PRD: Hay en Guerrero un IEPC d\u00e9bil, sometido al partido en el Gobierno"},"content":{"rendered":"\n<p><strong><em>&#8212; Por no sancionar denuncias por proselitismo anticipado uy calumnias presentadas en contra de MORENA<\/em><\/strong><\/p>\n\n\n\n<p><strong>Rogelio Agust\u00edn<\/strong><\/p>\n\n\n\n<p>El presidente del Comit\u00e9 Estatal del PRD, Alberto Catal\u00e1n Bastida manifest\u00f3 que percibe un Instituto Electoral local debilitado y sometido ante el partido en el gobierno, por no atender las quejas presentadas por proselitismo anticipado, ni sancionar las calumnias dichas por el dirigente de MORENA en Guerrero, en el sentido de que varios alcaldes de Tierra Caliente pactaron con grupos del crimen organizado.<\/p>\n\n\n\n<p>Catal\u00e1n Bastida sostiene que las declaraciones de su hom\u00f3logo, Jacinto Gonz\u00e1lez Varona no deben dejar de analizarse en su justa dimensi\u00f3n, pues pueden ser el detonante para las amenazas que alcaldes y diputados locales de la Tierra Caliente hayan recibido amenazas de muerte.<\/p>\n\n\n\n<p>Record\u00f3 que las declaraciones de Gonz\u00e1lez Varona se hicieron el 7 de marzo, mientras que los alcaldes reportaron las amenazas de muerte el 8 de abril, por lo que de manera cronol\u00f3gica, tiene l\u00f3gica la observaci\u00f3n que plantea.<\/p>\n\n\n\n<p>Por esa raz\u00f3n, indic\u00f3 que presentar la denuncia ante el Instituto Electoral y Participaci\u00f3n Ciudadana (IEPC) era una obligaci\u00f3n, para que fuera el \u00e1rbitro quien hiciera un llamado al orden y tomara medidas que permitan cuidar el ambiente previo al arranque del proceso electoral 2024.<\/p>\n\n\n\n<p>Sin embargo, se\u00f1al\u00f3 que la resoluci\u00f3n de la comisi\u00f3n de Quejas y Denuncias del IEPC, al declarar inexistente el agravio de Calumnia Electoral, por el hecho de que el proceso constitucional comienza hasta la primera semana de septiembre, resulta excesivamente \u201clegalista y simplista\u201d.<\/p>\n\n\n\n<p>El consejero presidente de la Comisi\u00f3n de Quejas y Denuncias (Amadeo Guerrero Onofre) no tuvo el valor suficiente para resolver de manera congruente el asunto, con las herramientas que la ley permite\u201d.<\/p>\n\n\n\n<p>Declarar inexistente la calumnia electoral, se\u00f1al\u00f3 que genera un mal precedente, \u201cporque el argumento que utilizan, en el sentido de que no hay un proceso electoral en curso es incorrecto, la legislaci\u00f3n est\u00e1 vigente los 365 d\u00edas del a\u00f1o, no solo en un proceso electoral\u201d.<\/p>\n\n\n\n<p>A pregunta expresa, refiri\u00f3 que el PRD ya prepara la impugnaci\u00f3n correspondiente.<\/p>\n\n\n\n<p>El caso de la denuncia por calumnias no es aislado, tambi\u00e9n lament\u00f3 el hecho de que el IEPC no haya querido entrar al an\u00e1lisis de lo relacionado con proselitismo anticipado, de tal manera que opt\u00f3 por turnar la denuncia ante el Instituto Nacional Electoral (INE).<\/p>\n\n\n\n<p>Record\u00f3 que hasta el momento, el Gobierno de Guerrero no ha liberado el financiamiento que permite funcionar al IEPC, de tal suerte que ese puede ser un elemento para mantener sometidos a los consejeros.<\/p>\n\n\n\n<p>En el caso de la denuncia por calumnias, as\u00ed como la declinaci\u00f3n a revisar actos de proselitismo anticipado, dijo que irrefutablemente, el IEPC se equivoc\u00f3.<\/p>\n\n\n\n<p>En el caso de la dirigencia de MORENA, hizo notar que no se trata solo del tema de las calumnias, enfrenta tambi\u00e9n un recurso por la comisi\u00f3n de probable Violencia Pol\u00edtica en Raz\u00f3n de G\u00e9nero, lo que qued\u00f3 debidamente acreditado.<\/p>\n\n\n\n<p>Si las cosas siguen as\u00ed, advirti\u00f3 que se puede llegar a los comicios de 2024 con un IEPC sometido y sumamente debilitado, principalmente hacia el partido en el gobierno.<\/p>\n","protected":false},"excerpt":{"rendered":"<p>&#8212; Por no sancionar denuncias por proselitismo anticipado uy calumnias presentadas en contra de MORENA Rogelio Agust\u00edn El presidente del Comit\u00e9 Estatal del PRD, Alberto Catal\u00e1n Bastida manifest\u00f3 que percibe&hellip; <\/p>\n","protected":false},"author":21,"featured_media":62790,"comment_status":"open","ping_status":"open","sticky":false,"template":"","format":"standard","meta":{"fifu_image_url":"","fifu_image_alt":"","footnotes":""},"categories":[21],"tags":[],"class_list":["post-62789","post","type-post","status-publish","format-standard","has-post-thumbnail","hentry","category-politica"],"_links":{"self":[{"href":"https:\/\/www.interaccionnoticias.com.mx\/index.php?rest_route=\/wp\/v2\/posts\/62789","targetHints":{"allow":["GET"]}}],"collection":[{"href":"https:\/\/www.interaccionnoticias.com.mx\/index.php?rest_route=\/wp\/v2\/posts"}],"about":[{"href":"https:\/\/www.interaccionnoticias.com.mx\/index.php?rest_route=\/wp\/v2\/types\/post"}],"author":[{"embeddable":true,"href":"https:\/\/www.interaccionnoticias.com.mx\/index.php?rest_route=\/wp\/v2\/users\/21"}],"replies":[{"embeddable":true,"href":"https:\/\/www.interaccionnoticias.com.mx\/index.php?rest_route=%2Fwp%2Fv2%2Fcomments&post=62789"}],"version-history":[{"count":1,"href":"https:\/\/www.interaccionnoticias.com.mx\/index.php?rest_route=\/wp\/v2\/posts\/62789\/revisions"}],"predecessor-version":[{"id":62791,"href":"https:\/\/www.interaccionnoticias.com.mx\/index.php?rest_route=\/wp\/v2\/posts\/62789\/revisions\/62791"}],"wp:featuredmedia":[{"embeddable":true,"href":"https:\/\/www.interaccionnoticias.com.mx\/index.php?rest_route=\/wp\/v2\/media\/62790"}],"wp:attachment":[{"href":"https:\/\/www.interaccionnoticias.com.mx\/index.php?rest_route=%2Fwp%2Fv2%2Fmedia&parent=62789"}],"wp:term":[{"taxonomy":"category","embeddable":true,"href":"https:\/\/www.interaccionnoticias.com.mx\/index.php?rest_route=%2Fwp%2Fv2%2Fcategories&post=62789"},{"taxonomy":"post_tag","embeddable":true,"href":"https:\/\/www.interaccionnoticias.com.mx\/index.php?rest_route=%2Fwp%2Fv2%2Ftags&post=62789"}],"curies":[{"name":"wp","href":"https:\/\/api.w.org\/{rel}","templated":true}]}}