{"id":62786,"date":"2023-06-01T14:06:46","date_gmt":"2023-06-01T19:06:46","guid":{"rendered":"https:\/\/interaccionnoticias.com.mx\/?p=62786"},"modified":"2023-06-01T14:06:49","modified_gmt":"2023-06-01T19:06:49","slug":"titulares-de-sedepia-e-inpi-guerrero-coordinan-acciones-para-atender-a-los-pueblos-indigenas-y-afromexicanos","status":"publish","type":"post","link":"https:\/\/www.interaccionnoticias.com.mx\/?p=62786","title":{"rendered":"Titulares de SEDEPIA e INPI Guerrero coordinan acciones para atender a los pueblos ind\u00edgenas y afromexicanos"},"content":{"rendered":"\n<p><strong>Chilpancingo, Gro., 01 de junio del 2023.-<\/strong> Con el objetivo de fortalecer los programas y acciones dirigidas a los pueblos originarios de las diversas regiones del estado, el secretario para el Desarrollo de los Pueblos Ind\u00edgenas y Afromexicano (SEDEPIA), P\u00e1nfilo S\u00e1nchez Almaz\u00e1n se reuni\u00f3 con el titular de la Oficina Representaci\u00f3n del Instituto Nacional de los Pueblos Ind\u00edgenas (INPI) en Guerrero, Manuel V\u00e1zquez Quintero.<\/p>\n\n\n\n<p>En la reuni\u00f3n realizada en las oficinas del INPI Guerrero, los titulares de las dependencias se comprometieron a trabajar de manera coordinada con acciones que permitan mejorar las condiciones de vida de los pueblos originarios.<\/p>\n\n\n\n<p>S\u00e1nchez Almaz\u00e1n dijo que la gobernadora, Evelyn Salgado Pineda, es una mujer comprometida con los pueblos ind\u00edgenas y afromexicanos y ha instruido coordinarnos con las delegaciones federales para llevar de manera conjunta beneficios a esta poblaci\u00f3n.<\/p>\n\n\n\n<p>Asimismo, se comprometieron a trabajar de manera coordinada en el subcomit\u00e9 especial de Pueblos Ind\u00edgenas y Afromexicano para darle seguimiento a los programas por parte de las dependencias del gobierno federal y estatal.<\/p>\n","protected":false},"excerpt":{"rendered":"<p>Chilpancingo, Gro., 01 de junio del 2023.- Con el objetivo de fortalecer los programas y acciones dirigidas a los pueblos originarios de las diversas regiones del estado, el secretario para&hellip; <\/p>\n","protected":false},"author":19,"featured_media":62787,"comment_status":"open","ping_status":"open","sticky":false,"template":"","format":"standard","meta":{"fifu_image_url":"","fifu_image_alt":"","footnotes":""},"categories":[11],"tags":[],"class_list":["post-62786","post","type-post","status-publish","format-standard","has-post-thumbnail","hentry","category-guerrero"],"_links":{"self":[{"href":"https:\/\/www.interaccionnoticias.com.mx\/index.php?rest_route=\/wp\/v2\/posts\/62786","targetHints":{"allow":["GET"]}}],"collection":[{"href":"https:\/\/www.interaccionnoticias.com.mx\/index.php?rest_route=\/wp\/v2\/posts"}],"about":[{"href":"https:\/\/www.interaccionnoticias.com.mx\/index.php?rest_route=\/wp\/v2\/types\/post"}],"author":[{"embeddable":true,"href":"https:\/\/www.interaccionnoticias.com.mx\/index.php?rest_route=\/wp\/v2\/users\/19"}],"replies":[{"embeddable":true,"href":"https:\/\/www.interaccionnoticias.com.mx\/index.php?rest_route=%2Fwp%2Fv2%2Fcomments&post=62786"}],"version-history":[{"count":1,"href":"https:\/\/www.interaccionnoticias.com.mx\/index.php?rest_route=\/wp\/v2\/posts\/62786\/revisions"}],"predecessor-version":[{"id":62788,"href":"https:\/\/www.interaccionnoticias.com.mx\/index.php?rest_route=\/wp\/v2\/posts\/62786\/revisions\/62788"}],"wp:featuredmedia":[{"embeddable":true,"href":"https:\/\/www.interaccionnoticias.com.mx\/index.php?rest_route=\/wp\/v2\/media\/62787"}],"wp:attachment":[{"href":"https:\/\/www.interaccionnoticias.com.mx\/index.php?rest_route=%2Fwp%2Fv2%2Fmedia&parent=62786"}],"wp:term":[{"taxonomy":"category","embeddable":true,"href":"https:\/\/www.interaccionnoticias.com.mx\/index.php?rest_route=%2Fwp%2Fv2%2Fcategories&post=62786"},{"taxonomy":"post_tag","embeddable":true,"href":"https:\/\/www.interaccionnoticias.com.mx\/index.php?rest_route=%2Fwp%2Fv2%2Ftags&post=62786"}],"curies":[{"name":"wp","href":"https:\/\/api.w.org\/{rel}","templated":true}]}}