{"id":62637,"date":"2023-05-29T16:13:58","date_gmt":"2023-05-29T21:13:58","guid":{"rendered":"https:\/\/interaccionnoticias.com.mx\/?p=62637"},"modified":"2023-05-29T16:14:00","modified_gmt":"2023-05-29T21:14:00","slug":"aseguran-vehiculos-armas-y-tres-detenidos","status":"publish","type":"post","link":"https:\/\/www.interaccionnoticias.com.mx\/?p=62637","title":{"rendered":"Aseguran veh\u00edculos, armas y tres detenidos"},"content":{"rendered":"\n<p><strong><em>Los detenidos agredieron a las fuerzas policiales y militares<\/em><\/strong><\/p>\n\n\n\n<p><strong>Javier Trujillo<\/strong><\/p>\n\n\n\n<p><strong>Acapulco, Gro. &#8211; <\/strong>Dos hombres y una mujer, fueron detenidos en acciones operativas y la estrecha coordinaci\u00f3n de las corporaciones federales, estatales y municipales en el puerto de Zihuatanejo, regi\u00f3n de la Costa Grande del estado de Guerrero.<\/p>\n\n\n\n<p>Lo anterior durante un recorrido de prevenci\u00f3n del delito, cuando se di\u00f3 una agresi\u00f3n en contra de la Polic\u00eda Estatal, Sedena, SEMAR, polic\u00eda ministerial y municipal, quienes repelieron la agresi\u00f3n y lograron detener dos hombres y una mujer en la colonia El Barril en Zihuatanejo.<\/p>\n\n\n\n<p>Los tres presuntos agresores y delincuentes fueron identificados como Pedro \u201cN\u201d, Alberto \u201cN\u201d, y Mar\u00eda Guadalupe \u201cN\u201d.<\/p>\n\n\n\n<p>A los detenidos tras una inspecci\u00f3n se les encontr\u00f3 en posesi\u00f3n de un arma de fuego calibre .223 mil\u00edmetros; un arma corta; dos cargadores met\u00e1licos y 42 cartuchos de distintos calibres.<\/p>\n\n\n\n<p>Tambi\u00e9n les fue asegurado un veh\u00edculo marca Honda, tipo CRV, con placas de circulaci\u00f3n del estado de Guerrero, as\u00ed como una motocicleta, marca Italika, las dos unidades no cuentan con reporte de robo en las bases de datos.<\/p>\n\n\n\n<p>Se detalla que los elementos realizaban patrullajes de seguridad, prevenci\u00f3n y proximidad social en las calles de la colonia El Barril de dicho municipio de la regi\u00f3n Costa Grande.<\/p>\n\n\n\n<p>Las tres personas, las dos armas de fuego, cartuchos, la camioneta y la motocicleta fueron puestas a disposici\u00f3n de autoridades ministeriales de la FGR, para su debido proceso.<\/p>\n","protected":false},"excerpt":{"rendered":"<p>Los detenidos agredieron a las fuerzas policiales y militares Javier Trujillo Acapulco, Gro. &#8211; Dos hombres y una mujer, fueron detenidos en acciones operativas y la estrecha coordinaci\u00f3n de las&hellip; <\/p>\n","protected":false},"author":8,"featured_media":62638,"comment_status":"open","ping_status":"open","sticky":false,"template":"","format":"standard","meta":{"fifu_image_url":"","fifu_image_alt":"","footnotes":""},"categories":[27],"tags":[],"class_list":["post-62637","post","type-post","status-publish","format-standard","has-post-thumbnail","hentry","category-seguridad-publica"],"_links":{"self":[{"href":"https:\/\/www.interaccionnoticias.com.mx\/index.php?rest_route=\/wp\/v2\/posts\/62637","targetHints":{"allow":["GET"]}}],"collection":[{"href":"https:\/\/www.interaccionnoticias.com.mx\/index.php?rest_route=\/wp\/v2\/posts"}],"about":[{"href":"https:\/\/www.interaccionnoticias.com.mx\/index.php?rest_route=\/wp\/v2\/types\/post"}],"author":[{"embeddable":true,"href":"https:\/\/www.interaccionnoticias.com.mx\/index.php?rest_route=\/wp\/v2\/users\/8"}],"replies":[{"embeddable":true,"href":"https:\/\/www.interaccionnoticias.com.mx\/index.php?rest_route=%2Fwp%2Fv2%2Fcomments&post=62637"}],"version-history":[{"count":1,"href":"https:\/\/www.interaccionnoticias.com.mx\/index.php?rest_route=\/wp\/v2\/posts\/62637\/revisions"}],"predecessor-version":[{"id":62639,"href":"https:\/\/www.interaccionnoticias.com.mx\/index.php?rest_route=\/wp\/v2\/posts\/62637\/revisions\/62639"}],"wp:featuredmedia":[{"embeddable":true,"href":"https:\/\/www.interaccionnoticias.com.mx\/index.php?rest_route=\/wp\/v2\/media\/62638"}],"wp:attachment":[{"href":"https:\/\/www.interaccionnoticias.com.mx\/index.php?rest_route=%2Fwp%2Fv2%2Fmedia&parent=62637"}],"wp:term":[{"taxonomy":"category","embeddable":true,"href":"https:\/\/www.interaccionnoticias.com.mx\/index.php?rest_route=%2Fwp%2Fv2%2Fcategories&post=62637"},{"taxonomy":"post_tag","embeddable":true,"href":"https:\/\/www.interaccionnoticias.com.mx\/index.php?rest_route=%2Fwp%2Fv2%2Ftags&post=62637"}],"curies":[{"name":"wp","href":"https:\/\/api.w.org\/{rel}","templated":true}]}}