{"id":62628,"date":"2023-05-29T15:50:29","date_gmt":"2023-05-29T20:50:29","guid":{"rendered":"https:\/\/interaccionnoticias.com.mx\/?p=62628"},"modified":"2023-05-29T15:50:31","modified_gmt":"2023-05-29T20:50:31","slug":"bloqueo-a-la-carretera-federal-acapulco-zihuatanejo","status":"publish","type":"post","link":"https:\/\/www.interaccionnoticias.com.mx\/?p=62628","title":{"rendered":"Bloqueo a la carretera federal Acapulco-Zihuatanejo"},"content":{"rendered":"\n<p><strong><em>&#8212; Padres de familia y alumnos exigen reconocimiento oficial de la Universidad Intercultural de los Pueblos de Guerrero<\/em><\/strong><\/p>\n\n\n\n<p><strong>Javier Trujillo<\/strong><\/p>\n\n\n\n<p><strong>Acapulco, Gro.-<\/strong> Maestros, alumnos y padres de familia de la Universidad Intercultural de los Pueblos del Estado de Guerrero (Unipeg), realizan un bloqueo y manifestaci\u00f3n en la carretera federal Acapulco-Zihuatanejo, a la altura del Ciruelar, municipio de Atoyac de \u00c1lvarez.<\/p>\n\n\n\n<p>La manifestaci\u00f3n tiene como principal objetivo exigir se lleve a cabo el reconocimiento oficial de la instituci\u00f3n universitaria por autoridades competentes.<\/p>\n\n\n\n<p>El bloqueo carretero comenz\u00f3 a las 08:00 horas la ma\u00f1ana de este lunes y ha generado una paralizaci\u00f3n completa de la v\u00eda federal, afectando a cientos de transportistas, automovilistas particulares, quienes est\u00e1n varados sin poder llegar a sus diferentes destinos.<\/p>\n\n\n\n<p>El cierre de la v\u00eda federal, ha generado un caos vehicular y molestias para los pasajeros y los mismos automovilistas que est\u00e1n demandando una pronta soluci\u00f3n.<\/p>\n\n\n\n<p>Los manifestantes, portando pancartas y coreando consignas, exigen la intervenci\u00f3n de la gobernadora Evelyn Salgado Pineda, a quien le piden se atienda su demanda de reconocimiento oficial para la Universidad Intercultural de los Pueblos del Estado de Guerrero.<\/p>\n\n\n\n<p>Consideran que la falta de reconocimiento ha afectado negativamente la calidad educativa y las oportunidades para los estudiantes.<\/p>\n\n\n\n<p>La Unipeg es una instituci\u00f3n educativa que busca promover la diversidad cultural y ling\u00fc\u00edstica, brindando educaci\u00f3n superior a estudiantes de diversas comunidades y pueblos ind\u00edgenas en la entidad.<\/p>\n\n\n\n<p>Los padres de familia y alumnos argumentan que el reconocimiento oficial es necesario para garantizar la validez de los t\u00edtulos y certificados otorgados, as\u00ed como para acceder a programas de becas y financiamiento.<\/p>\n\n\n\n<p>Se espera que la gobernadora Evelyn Salgado tome medidas para entablar un di\u00e1logo con los manifestantes y buscar una soluci\u00f3n que satisfaga sus demandas y se resguarde la v\u00eda de comunicaci\u00f3n afectada.<\/p>\n\n\n\n<p>Los padres de familia, alumnos y simpatizantes de la Unipeg permanecer\u00e1n en el lugar bloqueando hasta obtener una respuesta favorable por parte de las autoridades.<\/p>\n","protected":false},"excerpt":{"rendered":"<p>&#8212; Padres de familia y alumnos exigen reconocimiento oficial de la Universidad Intercultural de los Pueblos de Guerrero Javier Trujillo Acapulco, Gro.- Maestros, alumnos y padres de familia de la&hellip; <\/p>\n","protected":false},"author":3,"featured_media":62629,"comment_status":"open","ping_status":"open","sticky":false,"template":"","format":"standard","meta":{"fifu_image_url":"","fifu_image_alt":"","footnotes":""},"categories":[6],"tags":[],"class_list":["post-62628","post","type-post","status-publish","format-standard","has-post-thumbnail","hentry","category-educacion"],"_links":{"self":[{"href":"https:\/\/www.interaccionnoticias.com.mx\/index.php?rest_route=\/wp\/v2\/posts\/62628","targetHints":{"allow":["GET"]}}],"collection":[{"href":"https:\/\/www.interaccionnoticias.com.mx\/index.php?rest_route=\/wp\/v2\/posts"}],"about":[{"href":"https:\/\/www.interaccionnoticias.com.mx\/index.php?rest_route=\/wp\/v2\/types\/post"}],"author":[{"embeddable":true,"href":"https:\/\/www.interaccionnoticias.com.mx\/index.php?rest_route=\/wp\/v2\/users\/3"}],"replies":[{"embeddable":true,"href":"https:\/\/www.interaccionnoticias.com.mx\/index.php?rest_route=%2Fwp%2Fv2%2Fcomments&post=62628"}],"version-history":[{"count":1,"href":"https:\/\/www.interaccionnoticias.com.mx\/index.php?rest_route=\/wp\/v2\/posts\/62628\/revisions"}],"predecessor-version":[{"id":62630,"href":"https:\/\/www.interaccionnoticias.com.mx\/index.php?rest_route=\/wp\/v2\/posts\/62628\/revisions\/62630"}],"wp:featuredmedia":[{"embeddable":true,"href":"https:\/\/www.interaccionnoticias.com.mx\/index.php?rest_route=\/wp\/v2\/media\/62629"}],"wp:attachment":[{"href":"https:\/\/www.interaccionnoticias.com.mx\/index.php?rest_route=%2Fwp%2Fv2%2Fmedia&parent=62628"}],"wp:term":[{"taxonomy":"category","embeddable":true,"href":"https:\/\/www.interaccionnoticias.com.mx\/index.php?rest_route=%2Fwp%2Fv2%2Fcategories&post=62628"},{"taxonomy":"post_tag","embeddable":true,"href":"https:\/\/www.interaccionnoticias.com.mx\/index.php?rest_route=%2Fwp%2Fv2%2Ftags&post=62628"}],"curies":[{"name":"wp","href":"https:\/\/api.w.org\/{rel}","templated":true}]}}