{"id":62619,"date":"2023-05-29T15:27:15","date_gmt":"2023-05-29T20:27:15","guid":{"rendered":"https:\/\/interaccionnoticias.com.mx\/?p=62619"},"modified":"2023-05-29T15:27:17","modified_gmt":"2023-05-29T20:27:17","slug":"guerrero-reporta-disminucion-drastica-en-incendios-forestales-respecto-al-ano-anterior","status":"publish","type":"post","link":"https:\/\/www.interaccionnoticias.com.mx\/?p=62619","title":{"rendered":"Guerrero reporta disminuci\u00f3n dr\u00e1stica en incendios forestales, respecto al a\u00f1o anterior"},"content":{"rendered":"\n<p><strong><em>&#8212; En 2022 hubo 150 mil hect\u00e1reas afectadas, en 2023 van 46 mil<\/em><\/strong><\/p>\n\n\n\n<p><strong>Rogelio Agust\u00edn<\/strong><\/p>\n\n\n\n<p>El titular de la Secretar\u00eda de Gesti\u00f3n de Riesgos y Protecci\u00f3n Civil, Roberto Arroyo Matus sostuvo este a\u00f1o se registra una disminuci\u00f3n muy dr\u00e1stica en materia de incendios forestales, puesto que a la fecha, la correlaci\u00f3n es de 3 a 1 en cuanto al n\u00f9mero de hect\u00e0reas afectadas.<\/p>\n\n\n\n<p>Hasta la ma\u00f1ana del lunes 29 de mayo, el titular de Protecci\u00f3n Civil manifest\u00f3 que solamente hab\u00eca un incendio por controlar en el valle de Las Truchas, municipio de Coyuca de Catal\u00e1n, en la regi\u00f3n Tierra Caliente.<\/p>\n\n\n\n<p>El funcionario indic\u00f3 que el siniestro pr\u00e1cticamente se encontraba bajo control, por lo que los brigadistas estaban a punto de considerarlo como erradicado.<\/p>\n\n\n\n<p>Explic\u00f2 que en lo que va de la temporada, se tiene un registro de 176 incendios forestales, los que afectan alrededor de 46 mil 232 hect\u00e1reas.<\/p>\n\n\n\n<p>Hay 336 incendios suburbanos, 162 de ellos se generaron en lotes bald\u00edos y 22 en basureros, la mayor\u00eda de ellos son tiraderos de basura clandestinos, donde no existe ningua medida de control.<\/p>\n\n\n\n<p>Si las lluvias se intensifican en junio, dijo que entonces la tomporada de incendios se considerar\u00e1 como sup\u00e8rada en 2023.<\/p>\n\n\n\n<p>Record\u00f3 que en 2022 se tuvo un registro de 150 mil hect\u00e1reas afectadas por incendios forestales, lo que indica que en 2023 la disminuci\u00f3n es dr\u00e1stica, pues ser\u00eda de apenas una tercera parte.<\/p>\n\n\n\n<p>No descart\u00f3 la posibilidad de que haya m\u00e1s conflagraciones, en caso de que las lluvias disminuyan, pero insisti\u00f3 en el hecho de que se hace lo necesario por mantener la tendencia hacia la baja.<\/p>\n","protected":false},"excerpt":{"rendered":"<p>&#8212; En 2022 hubo 150 mil hect\u00e1reas afectadas, en 2023 van 46 mil Rogelio Agust\u00edn El titular de la Secretar\u00eda de Gesti\u00f3n de Riesgos y Protecci\u00f3n Civil, Roberto Arroyo Matus&hellip; <\/p>\n","protected":false},"author":21,"featured_media":62620,"comment_status":"open","ping_status":"open","sticky":false,"template":"","format":"standard","meta":{"fifu_image_url":"","fifu_image_alt":"","footnotes":""},"categories":[11],"tags":[],"class_list":["post-62619","post","type-post","status-publish","format-standard","has-post-thumbnail","hentry","category-guerrero"],"_links":{"self":[{"href":"https:\/\/www.interaccionnoticias.com.mx\/index.php?rest_route=\/wp\/v2\/posts\/62619","targetHints":{"allow":["GET"]}}],"collection":[{"href":"https:\/\/www.interaccionnoticias.com.mx\/index.php?rest_route=\/wp\/v2\/posts"}],"about":[{"href":"https:\/\/www.interaccionnoticias.com.mx\/index.php?rest_route=\/wp\/v2\/types\/post"}],"author":[{"embeddable":true,"href":"https:\/\/www.interaccionnoticias.com.mx\/index.php?rest_route=\/wp\/v2\/users\/21"}],"replies":[{"embeddable":true,"href":"https:\/\/www.interaccionnoticias.com.mx\/index.php?rest_route=%2Fwp%2Fv2%2Fcomments&post=62619"}],"version-history":[{"count":1,"href":"https:\/\/www.interaccionnoticias.com.mx\/index.php?rest_route=\/wp\/v2\/posts\/62619\/revisions"}],"predecessor-version":[{"id":62621,"href":"https:\/\/www.interaccionnoticias.com.mx\/index.php?rest_route=\/wp\/v2\/posts\/62619\/revisions\/62621"}],"wp:featuredmedia":[{"embeddable":true,"href":"https:\/\/www.interaccionnoticias.com.mx\/index.php?rest_route=\/wp\/v2\/media\/62620"}],"wp:attachment":[{"href":"https:\/\/www.interaccionnoticias.com.mx\/index.php?rest_route=%2Fwp%2Fv2%2Fmedia&parent=62619"}],"wp:term":[{"taxonomy":"category","embeddable":true,"href":"https:\/\/www.interaccionnoticias.com.mx\/index.php?rest_route=%2Fwp%2Fv2%2Fcategories&post=62619"},{"taxonomy":"post_tag","embeddable":true,"href":"https:\/\/www.interaccionnoticias.com.mx\/index.php?rest_route=%2Fwp%2Fv2%2Ftags&post=62619"}],"curies":[{"name":"wp","href":"https:\/\/api.w.org\/{rel}","templated":true}]}}