{"id":6260,"date":"2017-07-09T11:44:47","date_gmt":"2017-07-09T16:44:47","guid":{"rendered":"http:\/\/www.inter-accion.com.mx\/?p=6260"},"modified":"2017-07-09T11:44:47","modified_gmt":"2017-07-09T16:44:47","slug":"organizaciones-criminales-se-especializan-en-desaparecer-cadaveres","status":"publish","type":"post","link":"https:\/\/www.interaccionnoticias.com.mx\/?p=6260","title":{"rendered":"Organizaciones criminales se especializan en desaparecer cad\u00e1veres"},"content":{"rendered":"<p><strong>Para no dejar huella de sus atrocidades<\/strong><br \/>\nLa delincuencia organizada comenz\u00f3 un proceso de especializaci\u00f3n en la desaparici\u00f3n y destrucci\u00f3n de cad\u00e1veres para imposibilitar su identificaci\u00f3n, advirti\u00f3 el doctor Juan Carlos Tercero Aley, antrop\u00f3logo f\u00edsico, perito en antropolog\u00eda forense y subdirector de Servicios Periciales en el estado de Colima.<br \/>\nEntrevistado en Chilpancingo durante el simposio Derechos Humanos y la Defensa de los Derechos Sociales, reconoci\u00f3 que los peritos en identificaci\u00f3n humana est\u00e1n \u00abluchando\u00bb contra la especializaci\u00f3n de la delincuencia organizada.<br \/>\n\u00abLos criminales ya se dieron cuenta que quit\u00e1ndole los dientes a los cuerpos, el odont\u00f3logo ya no podr\u00e1 trabajar en su identificaci\u00f3n; que si le quitan las huellas dactilares, el dactiloscopista ya no podr\u00e1 actuar; que si degradan el tejido y el hueso, el genetista no tendr\u00e1 posibilidad. Entonces lo m\u00e1s que podremos determinar es que se trata de restos humanos, pero no podremos llegar a otro nivel de identificaci\u00f3n\u00bb, explic\u00f3.<br \/>\nTercero Aley record\u00f3 el caso de Santiago Meza L\u00f3pez, alias El Pozolero, quien disolvi\u00f3 los cuerpos de 300 personas en sosa c\u00e1ustica hasta hacerlos desaparecer, a petici\u00f3n del c\u00e1rtel de&nbsp;los Arellano F\u00e9lix, en Tijuana.<br \/>\nEsa pr\u00e1ctica, seg\u00fan el especialista,&nbsp;se ha extendido en varios estados de la&nbsp;Rep\u00fablica porque&nbsp;\u00aba una persona pozoleada ya no hay posibilidad de identificarla\u00bb.<br \/>\nA la especializaci\u00f3n de los grupos criminales en desaparecer cad\u00e1veres, se suma la falta de profesionales en identificaci\u00f3n humana.<br \/>\n\u00abTodos los d\u00edas, por desgracia, desaparecen personas con vida y aparecen cad\u00e1veres. Los gobiernos est\u00e1n haciendo un esfuerzo, el gran problema es que no hay profesionales&nbsp;para identificarlos. Yo soy uno de los cinco antrop\u00f3logos que hay en el pa\u00eds\u00bb, expuso.<br \/>\nAnte la carencia de peritos en identificaci\u00f3n humana, indic\u00f3 que la Odontolog\u00eda est\u00e1 entrando al quite en esta labor. Sin embargo, advirti\u00f3 que \u00abpor cuestiones de perfil acad\u00e9mico\u00bb esta especialidad \u00abse est\u00e1 quedando corta\u00bb.<br \/>\n\u00abEl gran problema\u00bb, se\u00f1al\u00f3 Tercero Aley, \u00abes humano\u00bb. \u00abNo hay personas que se interesen en las ciencias forenses\u00bb.<br \/>\nDe acuerdo con el antrop\u00f3logo f\u00edsico, esta carencia de profesionales ha provocado que los trabajos de identificaci\u00f3n y la entrega de cad\u00e1veres sean lentos.<br \/>\nPero la especializaci\u00f3n de los grupos criminales y la falta de especialistas no son los \u00fanicos obst\u00e1culos que dificultan la labor de identificaci\u00f3n de cuerpos.<br \/>\nEl tambi\u00e9n subdirector de Servicios Periciales en el estado de Colima destac\u00f3 que existen limitantes econ\u00f3micas y dificultad de acceso a zonas apartadas donde, dijo, las personas son secuestradas, asesinadas \u00aby ah\u00ed quedan muertos\u00bb.<br \/>\n\u00abEs lo mismo para todos los estados, la gente desaparece, se muere y no se sabe m\u00e1s\u00bb, expres\u00f3.<br \/>\nPor ello, consider\u00f3 que los aproximadamente 500 cad\u00e1veres que hay distribuidos en las tres agencias del Servicio M\u00e9dico Forense (Semefo) de Guerrero no son los \u00fanicos cuerpos sin identificar que hay en la entidad.<br \/>\n\u00ab500 se me hace muy poco. Esos son los que reportan nada m\u00e1s, pero imaginen a todos los que no est\u00e1n reportados y que a\u00fan no han encontrado\u00bb, coment\u00f3.&nbsp;<br \/>\nSobre la b\u00fasqueda de fosas clandestinas, reconoci\u00f3 que \u00abel trabajo es lento\u00bb y se ve limitado por el horario, ya que se requiere de luz natural para recuperar los restos.&nbsp;<br \/>\nAdem\u00e1s, dijo, \u00abhay muchos otros factores\u00bb que complican la localizaci\u00f3n y rescate de cuerpos en fosas clandestinas.&nbsp;<br \/>\n\u00abFalta presupuesto, profesionistas, condiciones pol\u00edticas y de seguridad. Los grupos delincuenciales no quiere que se identifiquen (los cuerpos de las v\u00edctimas). Ellos ponen muchas trabas, desaparecen a los profesionales, calcina los cad\u00e1veres de sus v\u00edctimas o simplemente se enfrentan con la polic\u00eda. Entonces la polic\u00eda ya no puede resguardar esas zonas de fosas clandestinas\u00bb, detall\u00f3.&nbsp;<br \/>\n&nbsp;<\/p>\n","protected":false},"excerpt":{"rendered":"<p>Para no dejar huella de sus atrocidades La delincuencia organizada comenz\u00f3 un proceso de especializaci\u00f3n en la desaparici\u00f3n y destrucci\u00f3n de cad\u00e1veres para imposibilitar su identificaci\u00f3n, advirti\u00f3 el doctor Juan&hellip; <\/p>\n","protected":false},"author":1,"featured_media":0,"comment_status":"closed","ping_status":"closed","sticky":false,"template":"","format":"standard","meta":{"fifu_image_url":"","fifu_image_alt":"","footnotes":""},"categories":[8,27],"tags":[],"class_list":["post-6260","post","type-post","status-publish","format-standard","hentry","category-featured","category-seguridad-publica"],"_links":{"self":[{"href":"https:\/\/www.interaccionnoticias.com.mx\/index.php?rest_route=\/wp\/v2\/posts\/6260","targetHints":{"allow":["GET"]}}],"collection":[{"href":"https:\/\/www.interaccionnoticias.com.mx\/index.php?rest_route=\/wp\/v2\/posts"}],"about":[{"href":"https:\/\/www.interaccionnoticias.com.mx\/index.php?rest_route=\/wp\/v2\/types\/post"}],"author":[{"embeddable":true,"href":"https:\/\/www.interaccionnoticias.com.mx\/index.php?rest_route=\/wp\/v2\/users\/1"}],"replies":[{"embeddable":true,"href":"https:\/\/www.interaccionnoticias.com.mx\/index.php?rest_route=%2Fwp%2Fv2%2Fcomments&post=6260"}],"version-history":[{"count":0,"href":"https:\/\/www.interaccionnoticias.com.mx\/index.php?rest_route=\/wp\/v2\/posts\/6260\/revisions"}],"wp:attachment":[{"href":"https:\/\/www.interaccionnoticias.com.mx\/index.php?rest_route=%2Fwp%2Fv2%2Fmedia&parent=6260"}],"wp:term":[{"taxonomy":"category","embeddable":true,"href":"https:\/\/www.interaccionnoticias.com.mx\/index.php?rest_route=%2Fwp%2Fv2%2Fcategories&post=6260"},{"taxonomy":"post_tag","embeddable":true,"href":"https:\/\/www.interaccionnoticias.com.mx\/index.php?rest_route=%2Fwp%2Fv2%2Ftags&post=6260"}],"curies":[{"name":"wp","href":"https:\/\/api.w.org\/{rel}","templated":true}]}}