{"id":62595,"date":"2023-05-28T22:30:23","date_gmt":"2023-05-29T03:30:23","guid":{"rendered":"https:\/\/interaccionnoticias.com.mx\/?p=62595"},"modified":"2023-05-28T22:30:25","modified_gmt":"2023-05-29T03:30:25","slug":"protestan-por-desaparicion-de-dos-menores-en-casa-de-alcaldesa-portena","status":"publish","type":"post","link":"https:\/\/www.interaccionnoticias.com.mx\/?p=62595","title":{"rendered":"Protestan por desaparici\u00f3n de dos menores en casa de alcaldesa porte\u00f1a"},"content":{"rendered":"\n<p><em><strong>&#8212; La madre de la menor, se\u00f1ala a su sobrina de 14 de sustraer a su prima de ocho a\u00f1os<br>&#8212; FGE inicia la carpeta de investigaci\u00f3n<\/strong><\/em><\/p>\n\n\n\n<p><strong>Javier Trujillo<\/strong><\/p>\n\n\n\n<p><strong>Acapulco, Gro.-<\/strong> La desaparici\u00f3n de dos menores de edad en la zona de barrios hist\u00f3ricos del puerto de Acapulco, ocasion\u00f3 la movilizaci\u00f3n familiares, vecinos y personal docente por la localizaci\u00f3n de la menor de 8 a\u00f1os de edad.<\/p>\n\n\n\n<p>Los manifestantes, exigieron frente a la casa de la alcaldesa porte\u00f1a la localizaci\u00f3n de Gretel \u00abS\u00bb de ocho a\u00f1os de edad.<\/p>\n\n\n\n<p>Al mismo tiempo la Fiscal\u00eda General del Estado (FGE), inicio una denuncia, y abri\u00f3 una carpeta de investigaci\u00f3n por la desaparici\u00f3n de la menor, en la que la principal sospechosa es la sobrina una adolescente de 14 a\u00f1os.<\/p>\n\n\n\n<p>Se inform\u00f3 que Gretel fue vista por \u00faltima vez de la mano con su prima Sherley Estrella de 14 a\u00f1os de edad, en una tienda de conveniencia, ubicada en la colonia Hogar Moderno, en la zona poniente.<\/p>\n\n\n\n<p>\u201cA mi hija Gretel, se la llev\u00f3 mi sobrina Estrella de mi casa, yo las dej\u00e9 alrededor de las 08:30 de la ma\u00f1ana del s\u00e1bado; cuando les marqu\u00e9 una hora despu\u00e9s, ya no tuve contacto con ellas\u201d, dijo Yessica Medina Radilla, madre de la menor de 8 a\u00f1os.<\/p>\n\n\n\n<p>Narro que cuando regreso a su domicilio solo encontr\u00f3 a su otro hijo, quien \u00fanicamente le dijo que Gretel y Estrella hab\u00edan salido a comprar, pero que no hab\u00edan regresado.<\/p>\n\n\n\n<p>Yessica, explic\u00f3 que al regresar a su casa, se dio cuenta que su sobrina Estrella, hab\u00eda dejado las llaves que utilizan para ingresar a la vivienda.<\/p>\n\n\n\n<p>\u201cEso fue lo que a mi no me gust\u00f3, me dirig\u00ed a buscarlas hacia el mercado de Hogar Moderno con las personas que me conocen (\u2026) lo \u00fanico que me dijeron es que las hab\u00edan visto rumbo al Oxxo de la calle R\u00edo Bravo\u201d, en la misma colonia, detall\u00f3.<\/p>\n\n\n\n<p>La madre de la menor, revel\u00f3 que el empleado de la tienda le dijo que Estrella hab\u00eda comprado un chip desechable: \u201clo recarg\u00f3 y supongo que hizo el cambio del chip del tel\u00e9fono de mi hija, y desde entonces no tengo contacto con ellas\u201d, dijo evidentemente desesperada.<\/p>\n\n\n\n<p>En la protesta, vecinos y familiares de Gretel colocaron la tarde de este domingo una ficha de b\u00fasqueda de su hija en el port\u00f3n del domicilio de la edil L\u00f3pez Rodr\u00edguez.<\/p>\n\n\n\n<p>Los quejosos lanzaron consignas y exigieron reforzar la seguridad en el puerto y al mismo tiempo iniciar la b\u00fasqueda de la menor que est\u00e1 desaparecida.<\/p>\n\n\n\n<p>La madre de la menor, di\u00f3 a conocer que present\u00f3 ante la FGE una denuncia, y se abri\u00f3 la carpeta de investigaci\u00f3n por la desaparici\u00f3n de la menor, en la que se menciona como la principal sospechosa a la adolescente que es su sobrina Estrella.<\/p>\n\n\n\n<p>Cabe mencionar que Estrella, estaba viviendo con ella en su casa desde hace dos meses, como parte de un proceso de readaptaci\u00f3n, ya que la adolescente estuvo en un albergue del DIF, ubicado en la capital del estado en Chilpancingo.<\/p>\n\n\n\n<p>Mientras tanto, la vocer\u00eda de la FGE, asegur\u00f3 que inici\u00f3 la b\u00fasqueda de ambas menores en la colonia Hogar Moderno, zonas cercanas, estaciones de autob\u00fas y sitios de taxi en las diferentes \u00e1reas del puerto de Acapulco.<\/p>\n\n\n\n<p>Incluso se inform\u00f3 que \u00abse activ\u00f3 para ambas menores la Alerta Amber, y se contin\u00faan las investigaciones, y las dos menores deben ser buscadas bajo este protocolo\u201d, indic\u00f3 la dependencia.<\/p>\n\n\n\n<p>Del mismo modo, la edil porte\u00f1a a trav\u00e9s de sus redes sociales comparti\u00f3 la reuni\u00f3n que sostuvo con la madre de Gretel, donde asegur\u00f3 que da seguimiento al caso.<\/p>\n\n\n\n<p>La Secretar\u00eda de Seguridad P\u00fablica Estatal informa que, desde el momento que se activ\u00f3 la Alerta Violeta, personal de esta Secretar\u00eda se puso en comunicaci\u00f3n con los familiares de las ni\u00f1as Gretel y Sherley, quienes la ma\u00f1ana del s\u00e1bado salieron de su vivienda en la colonia Hogar Moderno, en el municipio de Acapulco y hasta el momento se desconoce su paradero.<\/p>\n\n\n\n<figure class=\"wp-block-gallery has-nested-images columns-default is-cropped wp-block-gallery-1 is-layout-flex wp-block-gallery-is-layout-flex\">\n<figure class=\"wp-block-image size-large\"><img decoding=\"async\" src=\"data:image\/gif;base64,R0lGODlhAQABAIAAAAAAAP\/\/\/ywAAAAAAQABAAACAUwAOw==\" fifu-lazy=\"1\" fifu-data-sizes=\"auto\" fifu-data-srcset=\"https:\/\/i3.wp.com\/interaccionnoticias.com.mx\/wp-content\/uploads\/2023\/05\/230528-Sherley-Estrella-818x1024.jpg?ssl=1&w=75&resize=75&ssl=1 75w, https:\/\/i3.wp.com\/interaccionnoticias.com.mx\/wp-content\/uploads\/2023\/05\/230528-Sherley-Estrella-818x1024.jpg?ssl=1&w=100&resize=100&ssl=1 100w, https:\/\/i3.wp.com\/interaccionnoticias.com.mx\/wp-content\/uploads\/2023\/05\/230528-Sherley-Estrella-818x1024.jpg?ssl=1&w=150&resize=150&ssl=1 150w, https:\/\/i3.wp.com\/interaccionnoticias.com.mx\/wp-content\/uploads\/2023\/05\/230528-Sherley-Estrella-818x1024.jpg?ssl=1&w=240&resize=240&ssl=1 240w, https:\/\/i3.wp.com\/interaccionnoticias.com.mx\/wp-content\/uploads\/2023\/05\/230528-Sherley-Estrella-818x1024.jpg?ssl=1&w=320&resize=320&ssl=1 320w, https:\/\/i3.wp.com\/interaccionnoticias.com.mx\/wp-content\/uploads\/2023\/05\/230528-Sherley-Estrella-818x1024.jpg?ssl=1&w=500&resize=500&ssl=1 500w, https:\/\/i3.wp.com\/interaccionnoticias.com.mx\/wp-content\/uploads\/2023\/05\/230528-Sherley-Estrella-818x1024.jpg?ssl=1&w=640&resize=640&ssl=1 640w, https:\/\/i3.wp.com\/interaccionnoticias.com.mx\/wp-content\/uploads\/2023\/05\/230528-Sherley-Estrella-818x1024.jpg?ssl=1&w=800&resize=800&ssl=1 800w, https:\/\/i3.wp.com\/interaccionnoticias.com.mx\/wp-content\/uploads\/2023\/05\/230528-Sherley-Estrella-818x1024.jpg?ssl=1&w=1024&resize=1024&ssl=1 1024w, https:\/\/i3.wp.com\/interaccionnoticias.com.mx\/wp-content\/uploads\/2023\/05\/230528-Sherley-Estrella-818x1024.jpg?ssl=1&w=1280&resize=1280&ssl=1 1280w, https:\/\/i3.wp.com\/interaccionnoticias.com.mx\/wp-content\/uploads\/2023\/05\/230528-Sherley-Estrella-818x1024.jpg?ssl=1&w=1600&resize=1600&ssl=1 1600w\" data-id=\"62597\" fifu-data-src=\"https:\/\/i3.wp.com\/interaccionnoticias.com.mx\/wp-content\/uploads\/2023\/05\/230528-Sherley-Estrella-818x1024.jpg?ssl=1\" alt=\"\" class=\"wp-image-62597\"\/><\/figure>\n\n\n\n<figure class=\"wp-block-image size-large\"><img decoding=\"async\" src=\"data:image\/gif;base64,R0lGODlhAQABAIAAAAAAAP\/\/\/ywAAAAAAQABAAACAUwAOw==\" fifu-lazy=\"1\" fifu-data-sizes=\"auto\" fifu-data-srcset=\"https:\/\/i1.wp.com\/interaccionnoticias.com.mx\/wp-content\/uploads\/2023\/05\/230528-Gretel-824x1024.jpg?ssl=1&w=75&resize=75&ssl=1 75w, https:\/\/i1.wp.com\/interaccionnoticias.com.mx\/wp-content\/uploads\/2023\/05\/230528-Gretel-824x1024.jpg?ssl=1&w=100&resize=100&ssl=1 100w, https:\/\/i1.wp.com\/interaccionnoticias.com.mx\/wp-content\/uploads\/2023\/05\/230528-Gretel-824x1024.jpg?ssl=1&w=150&resize=150&ssl=1 150w, https:\/\/i1.wp.com\/interaccionnoticias.com.mx\/wp-content\/uploads\/2023\/05\/230528-Gretel-824x1024.jpg?ssl=1&w=240&resize=240&ssl=1 240w, https:\/\/i1.wp.com\/interaccionnoticias.com.mx\/wp-content\/uploads\/2023\/05\/230528-Gretel-824x1024.jpg?ssl=1&w=320&resize=320&ssl=1 320w, https:\/\/i1.wp.com\/interaccionnoticias.com.mx\/wp-content\/uploads\/2023\/05\/230528-Gretel-824x1024.jpg?ssl=1&w=500&resize=500&ssl=1 500w, https:\/\/i1.wp.com\/interaccionnoticias.com.mx\/wp-content\/uploads\/2023\/05\/230528-Gretel-824x1024.jpg?ssl=1&w=640&resize=640&ssl=1 640w, https:\/\/i1.wp.com\/interaccionnoticias.com.mx\/wp-content\/uploads\/2023\/05\/230528-Gretel-824x1024.jpg?ssl=1&w=800&resize=800&ssl=1 800w, https:\/\/i1.wp.com\/interaccionnoticias.com.mx\/wp-content\/uploads\/2023\/05\/230528-Gretel-824x1024.jpg?ssl=1&w=1024&resize=1024&ssl=1 1024w, https:\/\/i1.wp.com\/interaccionnoticias.com.mx\/wp-content\/uploads\/2023\/05\/230528-Gretel-824x1024.jpg?ssl=1&w=1280&resize=1280&ssl=1 1280w, https:\/\/i1.wp.com\/interaccionnoticias.com.mx\/wp-content\/uploads\/2023\/05\/230528-Gretel-824x1024.jpg?ssl=1&w=1600&resize=1600&ssl=1 1600w\" data-id=\"62598\" fifu-data-src=\"https:\/\/i1.wp.com\/interaccionnoticias.com.mx\/wp-content\/uploads\/2023\/05\/230528-Gretel-824x1024.jpg?ssl=1\" alt=\"\" class=\"wp-image-62598\"\/><\/figure>\n<\/figure>\n","protected":false},"excerpt":{"rendered":"<p>&#8212; La madre de la menor, se\u00f1ala a su sobrina de 14 de sustraer a su prima de ocho a\u00f1os&#8212; FGE inicia la carpeta de investigaci\u00f3n Javier Trujillo Acapulco, Gro.-&hellip; <\/p>\n","protected":false},"author":3,"featured_media":62596,"comment_status":"open","ping_status":"open","sticky":false,"template":"","format":"standard","meta":{"fifu_image_url":"","fifu_image_alt":"","footnotes":""},"categories":[29],"tags":[],"class_list":["post-62595","post","type-post","status-publish","format-standard","has-post-thumbnail","hentry","category-sociedad"],"_links":{"self":[{"href":"https:\/\/www.interaccionnoticias.com.mx\/index.php?rest_route=\/wp\/v2\/posts\/62595","targetHints":{"allow":["GET"]}}],"collection":[{"href":"https:\/\/www.interaccionnoticias.com.mx\/index.php?rest_route=\/wp\/v2\/posts"}],"about":[{"href":"https:\/\/www.interaccionnoticias.com.mx\/index.php?rest_route=\/wp\/v2\/types\/post"}],"author":[{"embeddable":true,"href":"https:\/\/www.interaccionnoticias.com.mx\/index.php?rest_route=\/wp\/v2\/users\/3"}],"replies":[{"embeddable":true,"href":"https:\/\/www.interaccionnoticias.com.mx\/index.php?rest_route=%2Fwp%2Fv2%2Fcomments&post=62595"}],"version-history":[{"count":1,"href":"https:\/\/www.interaccionnoticias.com.mx\/index.php?rest_route=\/wp\/v2\/posts\/62595\/revisions"}],"predecessor-version":[{"id":62599,"href":"https:\/\/www.interaccionnoticias.com.mx\/index.php?rest_route=\/wp\/v2\/posts\/62595\/revisions\/62599"}],"wp:featuredmedia":[{"embeddable":true,"href":"https:\/\/www.interaccionnoticias.com.mx\/index.php?rest_route=\/wp\/v2\/media\/62596"}],"wp:attachment":[{"href":"https:\/\/www.interaccionnoticias.com.mx\/index.php?rest_route=%2Fwp%2Fv2%2Fmedia&parent=62595"}],"wp:term":[{"taxonomy":"category","embeddable":true,"href":"https:\/\/www.interaccionnoticias.com.mx\/index.php?rest_route=%2Fwp%2Fv2%2Fcategories&post=62595"},{"taxonomy":"post_tag","embeddable":true,"href":"https:\/\/www.interaccionnoticias.com.mx\/index.php?rest_route=%2Fwp%2Fv2%2Ftags&post=62595"}],"curies":[{"name":"wp","href":"https:\/\/api.w.org\/{rel}","templated":true}]}}