{"id":62582,"date":"2023-05-28T22:04:39","date_gmt":"2023-05-29T03:04:39","guid":{"rendered":"https:\/\/interaccionnoticias.com.mx\/?p=62582"},"modified":"2023-05-28T22:04:42","modified_gmt":"2023-05-29T03:04:42","slug":"matan-a-dos-hombres-en-diferentes-puntos-de-la-region-norte-de-guerrero","status":"publish","type":"post","link":"https:\/\/www.interaccionnoticias.com.mx\/?p=62582","title":{"rendered":"Matan a dos hombres en diferentes puntos de la regi\u00f3n Norte de Guerrero"},"content":{"rendered":"\n<p><strong><em>&#8212; Iguala y Huitzuco de los Figueroa, donde se regstraron los ataques<\/em><\/strong><\/p>\n\n\n\n<p><strong>Rogelio Agust\u00edn<\/strong><\/p>\n\n\n\n<p>Dos hombres fueron asesinados en los municipios de Iguala y Huitzuco de los Figueroa, en la regi\u00f3n Norte de Guerrero, sin que se reporten detenidos por ambos hechos.<\/p>\n\n\n\n<p>De acuedo con reportes policiacos, alrededor de las 14:45 horas del domingo, personal de la Fiscal\u00eda General del Estado (FGE) se traslad\u00f3 a un punto ubicado sobre la carretera Iguala &#8211; Taxco, justo en el estacionamiento de una de autoservicio.<\/p>\n\n\n\n<p>Ah\u00ed encontraron un veh\u00edculo particular color blanco, en cuyo asiento del copiloto estaba el cad\u00e1ver de un hombre asesinado a balazos.<\/p>\n\n\n\n<p>La v\u00edctima presentaba impactos de bala en la cabeza, hombro y brazo derechos.<\/p>\n\n\n\n<p>Hasta el lugat lleg\u00f3 una mujer que se identific\u00f3 como Marcela \u00abN\u00bb, quien dijo ser la madre de la v\u00edctima mortal, a quien identific\u00f3 con el nombre de Alex \u00abN\u00bb, vecino de la misma ciudad, quien dijo, trabajaba como empleado de seguridad privada en el Estado de M\u00e9xico.<\/p>\n\n\n\n<p>En la escena del crimen se encontraron 4 casquillos percutidos calibre 380 mm.<\/p>\n\n\n\n<p>Otro ataque armado se registr\u00f3 en Huitzuco de los Figueroa alrededor de las 14:15 horas, en la colonia el Mirador.<\/p>\n\n\n\n<p>Elementos de la Polic\u00eda Ministerial encontraron el cad\u00e1ver de un hombre tirado sobre la calle Taxque\u00f1a, cerca de un terreno cercado con palos y alambre de p\u00faas.<\/p>\n\n\n\n<p>El cuerpo estaba en el asiento trasero de un veh\u00edculo marca Tsuru, color blanco con franjas negras, presentaba heridas de bala en cara, cuello y dem\u00e1s partes del cuerpo.<\/p>\n\n\n\n<p>En el lugar se encontraron 15 casquillos percutidos calibre 7.62&#215;39 mm.<\/p>\n\n\n\n<p>La Fiscal\u00eda General del Estado (FGE) realiza las investigaciones correspondientes.<\/p>\n\n\n\n<div class=\"wp-block-jetpack-slideshow aligncenter\" data-effect=\"slide\"><div class=\"wp-block-jetpack-slideshow_container swiper-container\"><ul class=\"wp-block-jetpack-slideshow_swiper-wrapper swiper-wrapper\"><li class=\"wp-block-jetpack-slideshow_slide swiper-slide\"><figure><img decoding=\"async\" src=\"data:image\/gif;base64,R0lGODlhAQABAIAAAAAAAP\/\/\/ywAAAAAAQABAAACAUwAOw==\" fifu-lazy=\"1\" fifu-data-sizes=\"auto\" fifu-data-srcset=\"https:\/\/i3.wp.com\/interaccionnoticias.com.mx\/wp-content\/uploads\/2023\/05\/230528-Matan-a-dos-hombres-1-1024x683.jpg?ssl=1&w=75&resize=75&ssl=1 75w, https:\/\/i3.wp.com\/interaccionnoticias.com.mx\/wp-content\/uploads\/2023\/05\/230528-Matan-a-dos-hombres-1-1024x683.jpg?ssl=1&w=100&resize=100&ssl=1 100w, https:\/\/i3.wp.com\/interaccionnoticias.com.mx\/wp-content\/uploads\/2023\/05\/230528-Matan-a-dos-hombres-1-1024x683.jpg?ssl=1&w=150&resize=150&ssl=1 150w, https:\/\/i3.wp.com\/interaccionnoticias.com.mx\/wp-content\/uploads\/2023\/05\/230528-Matan-a-dos-hombres-1-1024x683.jpg?ssl=1&w=240&resize=240&ssl=1 240w, https:\/\/i3.wp.com\/interaccionnoticias.com.mx\/wp-content\/uploads\/2023\/05\/230528-Matan-a-dos-hombres-1-1024x683.jpg?ssl=1&w=320&resize=320&ssl=1 320w, https:\/\/i3.wp.com\/interaccionnoticias.com.mx\/wp-content\/uploads\/2023\/05\/230528-Matan-a-dos-hombres-1-1024x683.jpg?ssl=1&w=500&resize=500&ssl=1 500w, https:\/\/i3.wp.com\/interaccionnoticias.com.mx\/wp-content\/uploads\/2023\/05\/230528-Matan-a-dos-hombres-1-1024x683.jpg?ssl=1&w=640&resize=640&ssl=1 640w, https:\/\/i3.wp.com\/interaccionnoticias.com.mx\/wp-content\/uploads\/2023\/05\/230528-Matan-a-dos-hombres-1-1024x683.jpg?ssl=1&w=800&resize=800&ssl=1 800w, https:\/\/i3.wp.com\/interaccionnoticias.com.mx\/wp-content\/uploads\/2023\/05\/230528-Matan-a-dos-hombres-1-1024x683.jpg?ssl=1&w=1024&resize=1024&ssl=1 1024w, https:\/\/i3.wp.com\/interaccionnoticias.com.mx\/wp-content\/uploads\/2023\/05\/230528-Matan-a-dos-hombres-1-1024x683.jpg?ssl=1&w=1280&resize=1280&ssl=1 1280w, https:\/\/i3.wp.com\/interaccionnoticias.com.mx\/wp-content\/uploads\/2023\/05\/230528-Matan-a-dos-hombres-1-1024x683.jpg?ssl=1&w=1600&resize=1600&ssl=1 1600w\" alt=\"\" class=\"wp-block-jetpack-slideshow_image wp-image-62583\" data-id=\"62583\" fifu-data-src=\"https:\/\/i3.wp.com\/interaccionnoticias.com.mx\/wp-content\/uploads\/2023\/05\/230528-Matan-a-dos-hombres-1-1024x683.jpg?ssl=1\"\/><\/figure><\/li><li class=\"wp-block-jetpack-slideshow_slide swiper-slide\"><figure><img decoding=\"async\" src=\"data:image\/gif;base64,R0lGODlhAQABAIAAAAAAAP\/\/\/ywAAAAAAQABAAACAUwAOw==\" fifu-lazy=\"1\" fifu-data-sizes=\"auto\" fifu-data-srcset=\"https:\/\/i0.wp.com\/interaccionnoticias.com.mx\/wp-content\/uploads\/2023\/05\/230528-Matan-a-dos-hombres-2-1024x683.jpg?ssl=1&w=75&resize=75&ssl=1 75w, https:\/\/i0.wp.com\/interaccionnoticias.com.mx\/wp-content\/uploads\/2023\/05\/230528-Matan-a-dos-hombres-2-1024x683.jpg?ssl=1&w=100&resize=100&ssl=1 100w, https:\/\/i0.wp.com\/interaccionnoticias.com.mx\/wp-content\/uploads\/2023\/05\/230528-Matan-a-dos-hombres-2-1024x683.jpg?ssl=1&w=150&resize=150&ssl=1 150w, https:\/\/i0.wp.com\/interaccionnoticias.com.mx\/wp-content\/uploads\/2023\/05\/230528-Matan-a-dos-hombres-2-1024x683.jpg?ssl=1&w=240&resize=240&ssl=1 240w, https:\/\/i0.wp.com\/interaccionnoticias.com.mx\/wp-content\/uploads\/2023\/05\/230528-Matan-a-dos-hombres-2-1024x683.jpg?ssl=1&w=320&resize=320&ssl=1 320w, https:\/\/i0.wp.com\/interaccionnoticias.com.mx\/wp-content\/uploads\/2023\/05\/230528-Matan-a-dos-hombres-2-1024x683.jpg?ssl=1&w=500&resize=500&ssl=1 500w, https:\/\/i0.wp.com\/interaccionnoticias.com.mx\/wp-content\/uploads\/2023\/05\/230528-Matan-a-dos-hombres-2-1024x683.jpg?ssl=1&w=640&resize=640&ssl=1 640w, https:\/\/i0.wp.com\/interaccionnoticias.com.mx\/wp-content\/uploads\/2023\/05\/230528-Matan-a-dos-hombres-2-1024x683.jpg?ssl=1&w=800&resize=800&ssl=1 800w, https:\/\/i0.wp.com\/interaccionnoticias.com.mx\/wp-content\/uploads\/2023\/05\/230528-Matan-a-dos-hombres-2-1024x683.jpg?ssl=1&w=1024&resize=1024&ssl=1 1024w, https:\/\/i0.wp.com\/interaccionnoticias.com.mx\/wp-content\/uploads\/2023\/05\/230528-Matan-a-dos-hombres-2-1024x683.jpg?ssl=1&w=1280&resize=1280&ssl=1 1280w, https:\/\/i0.wp.com\/interaccionnoticias.com.mx\/wp-content\/uploads\/2023\/05\/230528-Matan-a-dos-hombres-2-1024x683.jpg?ssl=1&w=1600&resize=1600&ssl=1 1600w\" alt=\"\" class=\"wp-block-jetpack-slideshow_image wp-image-62584\" data-id=\"62584\" fifu-data-src=\"https:\/\/i0.wp.com\/interaccionnoticias.com.mx\/wp-content\/uploads\/2023\/05\/230528-Matan-a-dos-hombres-2-1024x683.jpg?ssl=1\"\/><\/figure><\/li><\/ul><a class=\"wp-block-jetpack-slideshow_button-prev swiper-button-prev swiper-button-white\" role=\"button\"><\/a><a class=\"wp-block-jetpack-slideshow_button-next swiper-button-next swiper-button-white\" role=\"button\"><\/a><a aria-label=\"Pause Slideshow\" class=\"wp-block-jetpack-slideshow_button-pause\" role=\"button\"><\/a><div class=\"wp-block-jetpack-slideshow_pagination swiper-pagination swiper-pagination-white\"><\/div><\/div><\/div>\n","protected":false},"excerpt":{"rendered":"<p>&#8212; Iguala y Huitzuco de los Figueroa, donde se regstraron los ataques Rogelio Agust\u00edn Dos hombres fueron asesinados en los municipios de Iguala y Huitzuco de los Figueroa, en la&hellip; <\/p>\n","protected":false},"author":21,"featured_media":62584,"comment_status":"open","ping_status":"open","sticky":false,"template":"","format":"standard","meta":{"fifu_image_url":"","fifu_image_alt":"","footnotes":""},"categories":[27],"tags":[],"class_list":["post-62582","post","type-post","status-publish","format-standard","has-post-thumbnail","hentry","category-seguridad-publica"],"_links":{"self":[{"href":"https:\/\/www.interaccionnoticias.com.mx\/index.php?rest_route=\/wp\/v2\/posts\/62582","targetHints":{"allow":["GET"]}}],"collection":[{"href":"https:\/\/www.interaccionnoticias.com.mx\/index.php?rest_route=\/wp\/v2\/posts"}],"about":[{"href":"https:\/\/www.interaccionnoticias.com.mx\/index.php?rest_route=\/wp\/v2\/types\/post"}],"author":[{"embeddable":true,"href":"https:\/\/www.interaccionnoticias.com.mx\/index.php?rest_route=\/wp\/v2\/users\/21"}],"replies":[{"embeddable":true,"href":"https:\/\/www.interaccionnoticias.com.mx\/index.php?rest_route=%2Fwp%2Fv2%2Fcomments&post=62582"}],"version-history":[{"count":1,"href":"https:\/\/www.interaccionnoticias.com.mx\/index.php?rest_route=\/wp\/v2\/posts\/62582\/revisions"}],"predecessor-version":[{"id":62585,"href":"https:\/\/www.interaccionnoticias.com.mx\/index.php?rest_route=\/wp\/v2\/posts\/62582\/revisions\/62585"}],"wp:featuredmedia":[{"embeddable":true,"href":"https:\/\/www.interaccionnoticias.com.mx\/index.php?rest_route=\/wp\/v2\/media\/62584"}],"wp:attachment":[{"href":"https:\/\/www.interaccionnoticias.com.mx\/index.php?rest_route=%2Fwp%2Fv2%2Fmedia&parent=62582"}],"wp:term":[{"taxonomy":"category","embeddable":true,"href":"https:\/\/www.interaccionnoticias.com.mx\/index.php?rest_route=%2Fwp%2Fv2%2Fcategories&post=62582"},{"taxonomy":"post_tag","embeddable":true,"href":"https:\/\/www.interaccionnoticias.com.mx\/index.php?rest_route=%2Fwp%2Fv2%2Ftags&post=62582"}],"curies":[{"name":"wp","href":"https:\/\/api.w.org\/{rel}","templated":true}]}}