{"id":62567,"date":"2023-05-28T18:43:53","date_gmt":"2023-05-28T23:43:53","guid":{"rendered":"https:\/\/interaccionnoticias.com.mx\/?p=62567"},"modified":"2023-05-28T18:43:55","modified_gmt":"2023-05-28T23:43:55","slug":"se-registran-dos-accidentes-carreteros-hay-seis-lesionados-leves","status":"publish","type":"post","link":"https:\/\/www.interaccionnoticias.com.mx\/?p=62567","title":{"rendered":"Se registran dos accidentes carreteros, hay seis lesionados leves"},"content":{"rendered":"\n<p><strong><em>&#8212; Solo uno amerit\u00f3 la hospitalizaci\u00f3n<\/em><\/strong><\/p>\n\n\n\n<p><strong>Jes\u00fas Dorantes<\/strong><\/p>\n\n\n\n<p><strong>Chilpancingo, Gro.-<\/strong> La jornada del domingo se registraron dos accidentes carreteros en la Autopista del Sol y la carretera Federal Chilpancingo-Tixtla , que dejaron como saldo seis personas con lesiones leves.<\/p>\n\n\n\n<p>A las 05:30 horas del domingo se report\u00f3 al servicio de emergencias 911 la volcadura de una urvan del servicio p\u00fablico de la ruta Chilpancingo-Chilapa.<\/p>\n\n\n\n<p>El ch\u00f3fer de la Unidad con el n\u00famero econ\u00f3mico 45 perdi\u00f3 el control en el punto conocido como El Naranjo.<\/p>\n\n\n\n<p>El veh\u00edculo qued\u00f3 volcado sobre su costado y las tres personas que viajaban en el resultaron con lesiones menores, mientras que el veh\u00edculo tuvo que se remolcado tras el incidente.<\/p>\n\n\n\n<p>A las 06:30 horas, un veh\u00edculo se estrell\u00f3 con la barra met\u00e1lica que marca el l\u00edmite de la carretera, en el kil\u00f3metro 266 de la Autopista del Sol.<\/p>\n\n\n\n<p>El veh\u00edculo color rojo de la marca Volkswagen qued\u00f3 destrozado del toldo al quedar incrustado este el espacio de la miro met\u00e1lico y el suelo, en el viajaban al menos tres personas de las cuales solo una presento lesiones que ameritaron atenci\u00f3n m\u00e9dica.<\/p>\n","protected":false},"excerpt":{"rendered":"<p>&#8212; Solo uno amerit\u00f3 la hospitalizaci\u00f3n Jes\u00fas Dorantes Chilpancingo, Gro.- La jornada del domingo se registraron dos accidentes carreteros en la Autopista del Sol y la carretera Federal Chilpancingo-Tixtla ,&hellip; <\/p>\n","protected":false},"author":8,"featured_media":62568,"comment_status":"open","ping_status":"open","sticky":false,"template":"","format":"standard","meta":{"fifu_image_url":"","fifu_image_alt":"","footnotes":""},"categories":[27],"tags":[],"class_list":["post-62567","post","type-post","status-publish","format-standard","has-post-thumbnail","hentry","category-seguridad-publica"],"_links":{"self":[{"href":"https:\/\/www.interaccionnoticias.com.mx\/index.php?rest_route=\/wp\/v2\/posts\/62567","targetHints":{"allow":["GET"]}}],"collection":[{"href":"https:\/\/www.interaccionnoticias.com.mx\/index.php?rest_route=\/wp\/v2\/posts"}],"about":[{"href":"https:\/\/www.interaccionnoticias.com.mx\/index.php?rest_route=\/wp\/v2\/types\/post"}],"author":[{"embeddable":true,"href":"https:\/\/www.interaccionnoticias.com.mx\/index.php?rest_route=\/wp\/v2\/users\/8"}],"replies":[{"embeddable":true,"href":"https:\/\/www.interaccionnoticias.com.mx\/index.php?rest_route=%2Fwp%2Fv2%2Fcomments&post=62567"}],"version-history":[{"count":1,"href":"https:\/\/www.interaccionnoticias.com.mx\/index.php?rest_route=\/wp\/v2\/posts\/62567\/revisions"}],"predecessor-version":[{"id":62569,"href":"https:\/\/www.interaccionnoticias.com.mx\/index.php?rest_route=\/wp\/v2\/posts\/62567\/revisions\/62569"}],"wp:featuredmedia":[{"embeddable":true,"href":"https:\/\/www.interaccionnoticias.com.mx\/index.php?rest_route=\/wp\/v2\/media\/62568"}],"wp:attachment":[{"href":"https:\/\/www.interaccionnoticias.com.mx\/index.php?rest_route=%2Fwp%2Fv2%2Fmedia&parent=62567"}],"wp:term":[{"taxonomy":"category","embeddable":true,"href":"https:\/\/www.interaccionnoticias.com.mx\/index.php?rest_route=%2Fwp%2Fv2%2Fcategories&post=62567"},{"taxonomy":"post_tag","embeddable":true,"href":"https:\/\/www.interaccionnoticias.com.mx\/index.php?rest_route=%2Fwp%2Fv2%2Ftags&post=62567"}],"curies":[{"name":"wp","href":"https:\/\/api.w.org\/{rel}","templated":true}]}}