{"id":62562,"date":"2023-05-27T15:53:07","date_gmt":"2023-05-27T20:53:07","guid":{"rendered":"https:\/\/interaccionnoticias.com.mx\/?p=62562"},"modified":"2023-05-27T15:53:09","modified_gmt":"2023-05-27T20:53:09","slug":"inician-actividades-en-los-centros-para-el-desarrollo-de-las-mujeres-cdm-en-el-municipio-de-tlalixtaquilla","status":"publish","type":"post","link":"https:\/\/www.interaccionnoticias.com.mx\/?p=62562","title":{"rendered":"Inician actividades en los Centros para el Desarrollo de las Mujeres CDM, en el municipio de Tlalixtaquilla"},"content":{"rendered":"\n<p><strong>Tlalixtaquilla, Gro., 26 de mayo del 2023.-<\/strong> La secretaria de la Mujer, Violeta Pino Gir\u00f3n inici\u00f3 las actividades en los Centros para el Desarrollo de las Mujeres CDM, a trav\u00e9s del Programa para el Adelanto, Bienestar e Igualdad de las Mujeres (PROABIM) 2023 en el municipio de Tlalixtaquilla, en la regi\u00f3n de la Monta\u00f1a.<\/p>\n\n\n\n<p>La funcionaria dijo que es una prioridad para la gobernadora, Evelyn Salgado Pineda transformar el bienestar de las mujeres y promover el ejercicio de sus derechos humanos para lograr la igualdad.<\/p>\n\n\n\n<p>Pino Gir\u00f3n dijo que el objetivo de los Centros para el Desarrollo de las Mujeres, (CDM) que se instalan en los ayuntamientos es promover acciones coordinadas para fomentar el desarrollo integral de las mujeres e impulsar su autonom\u00eda y empoderamiento econ\u00f3mico, a trav\u00e9s de asesor\u00eda, capacitaci\u00f3n y facilitaci\u00f3n de temas enfocados a lograr la igualdad.<\/p>\n\n\n\n<p>Asimismo, difundir informaci\u00f3n sobre los servicios institucionales para fortalecer las habilidades, capacidades y conocimientos prioritariamente de las mujeres y contribuir al dise\u00f1o y ejecuci\u00f3n de acciones de atenci\u00f3n y medidas especiales para disminuir las brechas de desigualdad de g\u00e9nero en espec\u00edfico las econ\u00f3micas.<\/p>\n\n\n\n<p>La alcaldesa de Tlalixtaquilla, Raquel Garc\u00eda Ordu\u00f1o agradeci\u00f3 a la gobernadora del estado, Evelyn Salgado Pineda por el Centro de Desarrollo para las Mujeres en su municipio para coordinar acciones para erradicar el maltrato hacia las ni\u00f1as, adolescentes y mujeres.<\/p>\n\n\n\n<p>Asistieron la delegada regional de la Semujer en la Monta\u00f1a; Delfina G\u00e1lvez Solano, el delegado regional de la Comisi\u00f3n de Derechos Humanos; Celso V\u00e1zquez Vivar; el delegado regional del gobierno estatal, Jos\u00e9 Baz\u00e1n Gonz\u00e1lez; la presidenta municipal del Consejo Directivo de Mujeres Tlapa, Erika Jazm\u00edn Garrido Lara, as\u00ed como alcaldes y alcaldesas de la regi\u00f3n.<\/p>\n\n\n\n<div class=\"wp-block-jetpack-slideshow aligncenter\" data-effect=\"slide\"><div class=\"wp-block-jetpack-slideshow_container swiper-container\"><ul class=\"wp-block-jetpack-slideshow_swiper-wrapper swiper-wrapper\"><li class=\"wp-block-jetpack-slideshow_slide swiper-slide\"><figure><img decoding=\"async\" src=\"data:image\/gif;base64,R0lGODlhAQABAIAAAAAAAP\/\/\/ywAAAAAAQABAAACAUwAOw==\" fifu-lazy=\"1\" fifu-data-sizes=\"auto\" fifu-data-srcset=\"https:\/\/i2.wp.com\/interaccionnoticias.com.mx\/wp-content\/uploads\/2023\/05\/230527-Tlalixtaquilla-1-1024x576.jpg?ssl=1&w=75&resize=75&ssl=1 75w, https:\/\/i2.wp.com\/interaccionnoticias.com.mx\/wp-content\/uploads\/2023\/05\/230527-Tlalixtaquilla-1-1024x576.jpg?ssl=1&w=100&resize=100&ssl=1 100w, https:\/\/i2.wp.com\/interaccionnoticias.com.mx\/wp-content\/uploads\/2023\/05\/230527-Tlalixtaquilla-1-1024x576.jpg?ssl=1&w=150&resize=150&ssl=1 150w, https:\/\/i2.wp.com\/interaccionnoticias.com.mx\/wp-content\/uploads\/2023\/05\/230527-Tlalixtaquilla-1-1024x576.jpg?ssl=1&w=240&resize=240&ssl=1 240w, https:\/\/i2.wp.com\/interaccionnoticias.com.mx\/wp-content\/uploads\/2023\/05\/230527-Tlalixtaquilla-1-1024x576.jpg?ssl=1&w=320&resize=320&ssl=1 320w, https:\/\/i2.wp.com\/interaccionnoticias.com.mx\/wp-content\/uploads\/2023\/05\/230527-Tlalixtaquilla-1-1024x576.jpg?ssl=1&w=500&resize=500&ssl=1 500w, https:\/\/i2.wp.com\/interaccionnoticias.com.mx\/wp-content\/uploads\/2023\/05\/230527-Tlalixtaquilla-1-1024x576.jpg?ssl=1&w=640&resize=640&ssl=1 640w, https:\/\/i2.wp.com\/interaccionnoticias.com.mx\/wp-content\/uploads\/2023\/05\/230527-Tlalixtaquilla-1-1024x576.jpg?ssl=1&w=800&resize=800&ssl=1 800w, https:\/\/i2.wp.com\/interaccionnoticias.com.mx\/wp-content\/uploads\/2023\/05\/230527-Tlalixtaquilla-1-1024x576.jpg?ssl=1&w=1024&resize=1024&ssl=1 1024w, https:\/\/i2.wp.com\/interaccionnoticias.com.mx\/wp-content\/uploads\/2023\/05\/230527-Tlalixtaquilla-1-1024x576.jpg?ssl=1&w=1280&resize=1280&ssl=1 1280w, https:\/\/i2.wp.com\/interaccionnoticias.com.mx\/wp-content\/uploads\/2023\/05\/230527-Tlalixtaquilla-1-1024x576.jpg?ssl=1&w=1600&resize=1600&ssl=1 1600w\" alt=\"\" class=\"wp-block-jetpack-slideshow_image wp-image-62563\" data-id=\"62563\" fifu-data-src=\"https:\/\/i2.wp.com\/interaccionnoticias.com.mx\/wp-content\/uploads\/2023\/05\/230527-Tlalixtaquilla-1-1024x576.jpg?ssl=1\"\/><\/figure><\/li><li class=\"wp-block-jetpack-slideshow_slide swiper-slide\"><figure><img decoding=\"async\" src=\"data:image\/gif;base64,R0lGODlhAQABAIAAAAAAAP\/\/\/ywAAAAAAQABAAACAUwAOw==\" fifu-lazy=\"1\" fifu-data-sizes=\"auto\" fifu-data-srcset=\"https:\/\/i1.wp.com\/interaccionnoticias.com.mx\/wp-content\/uploads\/2023\/05\/230527-Tlalixtaquilla-2-1024x576.jpg?ssl=1&w=75&resize=75&ssl=1 75w, https:\/\/i1.wp.com\/interaccionnoticias.com.mx\/wp-content\/uploads\/2023\/05\/230527-Tlalixtaquilla-2-1024x576.jpg?ssl=1&w=100&resize=100&ssl=1 100w, https:\/\/i1.wp.com\/interaccionnoticias.com.mx\/wp-content\/uploads\/2023\/05\/230527-Tlalixtaquilla-2-1024x576.jpg?ssl=1&w=150&resize=150&ssl=1 150w, https:\/\/i1.wp.com\/interaccionnoticias.com.mx\/wp-content\/uploads\/2023\/05\/230527-Tlalixtaquilla-2-1024x576.jpg?ssl=1&w=240&resize=240&ssl=1 240w, https:\/\/i1.wp.com\/interaccionnoticias.com.mx\/wp-content\/uploads\/2023\/05\/230527-Tlalixtaquilla-2-1024x576.jpg?ssl=1&w=320&resize=320&ssl=1 320w, https:\/\/i1.wp.com\/interaccionnoticias.com.mx\/wp-content\/uploads\/2023\/05\/230527-Tlalixtaquilla-2-1024x576.jpg?ssl=1&w=500&resize=500&ssl=1 500w, https:\/\/i1.wp.com\/interaccionnoticias.com.mx\/wp-content\/uploads\/2023\/05\/230527-Tlalixtaquilla-2-1024x576.jpg?ssl=1&w=640&resize=640&ssl=1 640w, https:\/\/i1.wp.com\/interaccionnoticias.com.mx\/wp-content\/uploads\/2023\/05\/230527-Tlalixtaquilla-2-1024x576.jpg?ssl=1&w=800&resize=800&ssl=1 800w, https:\/\/i1.wp.com\/interaccionnoticias.com.mx\/wp-content\/uploads\/2023\/05\/230527-Tlalixtaquilla-2-1024x576.jpg?ssl=1&w=1024&resize=1024&ssl=1 1024w, https:\/\/i1.wp.com\/interaccionnoticias.com.mx\/wp-content\/uploads\/2023\/05\/230527-Tlalixtaquilla-2-1024x576.jpg?ssl=1&w=1280&resize=1280&ssl=1 1280w, https:\/\/i1.wp.com\/interaccionnoticias.com.mx\/wp-content\/uploads\/2023\/05\/230527-Tlalixtaquilla-2-1024x576.jpg?ssl=1&w=1600&resize=1600&ssl=1 1600w\" alt=\"\" class=\"wp-block-jetpack-slideshow_image wp-image-62564\" data-id=\"62564\" fifu-data-src=\"https:\/\/i1.wp.com\/interaccionnoticias.com.mx\/wp-content\/uploads\/2023\/05\/230527-Tlalixtaquilla-2-1024x576.jpg?ssl=1\"\/><\/figure><\/li><\/ul><a class=\"wp-block-jetpack-slideshow_button-prev swiper-button-prev swiper-button-white\" role=\"button\"><\/a><a class=\"wp-block-jetpack-slideshow_button-next swiper-button-next swiper-button-white\" role=\"button\"><\/a><a aria-label=\"Pause Slideshow\" class=\"wp-block-jetpack-slideshow_button-pause\" role=\"button\"><\/a><div class=\"wp-block-jetpack-slideshow_pagination swiper-pagination swiper-pagination-white\"><\/div><\/div><\/div>\n","protected":false},"excerpt":{"rendered":"<p>Tlalixtaquilla, Gro., 26 de mayo del 2023.- La secretaria de la Mujer, Violeta Pino Gir\u00f3n inici\u00f3 las actividades en los Centros para el Desarrollo de las Mujeres CDM, a trav\u00e9s&hellip; <\/p>\n","protected":false},"author":19,"featured_media":62563,"comment_status":"open","ping_status":"open","sticky":false,"template":"","format":"standard","meta":{"fifu_image_url":"","fifu_image_alt":"","footnotes":""},"categories":[11],"tags":[],"class_list":["post-62562","post","type-post","status-publish","format-standard","has-post-thumbnail","hentry","category-guerrero"],"_links":{"self":[{"href":"https:\/\/www.interaccionnoticias.com.mx\/index.php?rest_route=\/wp\/v2\/posts\/62562","targetHints":{"allow":["GET"]}}],"collection":[{"href":"https:\/\/www.interaccionnoticias.com.mx\/index.php?rest_route=\/wp\/v2\/posts"}],"about":[{"href":"https:\/\/www.interaccionnoticias.com.mx\/index.php?rest_route=\/wp\/v2\/types\/post"}],"author":[{"embeddable":true,"href":"https:\/\/www.interaccionnoticias.com.mx\/index.php?rest_route=\/wp\/v2\/users\/19"}],"replies":[{"embeddable":true,"href":"https:\/\/www.interaccionnoticias.com.mx\/index.php?rest_route=%2Fwp%2Fv2%2Fcomments&post=62562"}],"version-history":[{"count":1,"href":"https:\/\/www.interaccionnoticias.com.mx\/index.php?rest_route=\/wp\/v2\/posts\/62562\/revisions"}],"predecessor-version":[{"id":62565,"href":"https:\/\/www.interaccionnoticias.com.mx\/index.php?rest_route=\/wp\/v2\/posts\/62562\/revisions\/62565"}],"wp:featuredmedia":[{"embeddable":true,"href":"https:\/\/www.interaccionnoticias.com.mx\/index.php?rest_route=\/wp\/v2\/media\/62563"}],"wp:attachment":[{"href":"https:\/\/www.interaccionnoticias.com.mx\/index.php?rest_route=%2Fwp%2Fv2%2Fmedia&parent=62562"}],"wp:term":[{"taxonomy":"category","embeddable":true,"href":"https:\/\/www.interaccionnoticias.com.mx\/index.php?rest_route=%2Fwp%2Fv2%2Fcategories&post=62562"},{"taxonomy":"post_tag","embeddable":true,"href":"https:\/\/www.interaccionnoticias.com.mx\/index.php?rest_route=%2Fwp%2Fv2%2Ftags&post=62562"}],"curies":[{"name":"wp","href":"https:\/\/api.w.org\/{rel}","templated":true}]}}